{"id":985,"date":"2022-08-31T06:34:23","date_gmt":"2022-08-31T06:34:23","guid":{"rendered":"https:\/\/movimento-sociale-eurasia.org\/?p=985"},"modified":"2022-08-31T06:35:37","modified_gmt":"2022-08-31T06:35:37","slug":"appello-di-alexandr-dugin-dopo-lomicidio-di-sua-figlia","status":"publish","type":"post","link":"https:\/\/movimento-sociale-eurasia.org\/index.php\/2022\/08\/31\/appello-di-alexandr-dugin-dopo-lomicidio-di-sua-figlia\/","title":{"rendered":"Appello di Alexandr Dugin dopo l&#8217;omicidio di sua figlia"},"content":{"rendered":"\n<p><strong>\u00abCome tutti sapete, a seguito dell&#8217;attacco terroristico compiuto dal regime nazista ucraino, il 20 agosto, al ritorno dal festival Tradizione vicino a Mosca, mia figlia Daria Dugina \u00e8 stata brutalmente uccisa davanti ai miei occhi da un&#8217;esplosione. Era una bella ragazza ortodossa, patriota, inviata di guerra, filosofa. I suoi discorsi e reportage sono sempre stati profondi, fondati e misurati. Non ha mai invocato la violenza e la guerra.<br>Era una stella nascente all&#8217;inizio del suo percorso. I nemici della Russia l&#8217;hanno uccisa vilmente, di nascosto\u2026<br>Ma la nostra gente non pu\u00f2 essere spezzata nemmeno con colpi cos\u00ec insopportabili. Volevano reprimere la nostra volont\u00e0 con un terrore sanguinoso contro i migliori e i pi\u00f9 vulnerabili di noi. Ma non raggiungeranno il loro obiettivo.<br>I nostri cuori non bramano solo la vendetta o il castigo, \u00e8 troppo meschino, non da russi. Abbiamo solo bisogno della nostra Vittoria. Mia figlia ha messo la sua vita da giovane ragazza sul suo altare. Quindi vincete, per favore!<br>Volevamo crescerla intelligente ed eroina.<br>Che possa anche ora ispirare i figli della nostra patria a compiere gesta eroiche&#8221;<\/strong><\/p>\n\n\n\n<p><\/p>\n\n\n\n<p>Aleksandr Gel&#8217;evi\u010d Dugin<\/p>\n\n\n\n<p><\/p>\n\n\n\n<p><strong>Movimento Sociale Eurasia, si stringe al politologo e filosofo Aleksandr Dugin, per la morte della figlia Darya Dugina, donna di grandissimo valore e spessore morale.<\/strong><\/p>\n","protected":false},"excerpt":{"rendered":"<p>\u00abCome tutti sapete, a seguito dell&#8217;attacco terroristico compiuto dal regime nazista ucraino, il 20 agosto, al ritorno dal festival Tradizione vicino a Mosca, mia figlia Daria Dugina \u00e8 stata brutalmente uccisa davanti ai miei occhi da un&#8217;esplosione. Era una bella ragazza ortodossa, patriota, inviata di guerra, filosofa. I suoi discorsi e reportage sono sempre stati [&hellip;]<\/p>\n","protected":false},"author":1,"featured_media":986,"comment_status":"open","ping_status":"open","sticky":false,"template":"","format":"standard","meta":{"om_disable_all_campaigns":false,"footnotes":""},"categories":[52],"tags":[30,32,49,31],"class_list":["post-985","post","type-post","status-publish","format-standard","has-post-thumbnail","hentry","category-comunicati","tag-aleksandr-dugin","tag-attentato","tag-attentato-darya-dugina","tag-darya-dugin"],"aioseo_notices":[],"_links":{"self":[{"href":"https:\/\/movimento-sociale-eurasia.org\/index.php\/wp-json\/wp\/v2\/posts\/985","targetHints":{"allow":["GET"]}}],"collection":[{"href":"https:\/\/movimento-sociale-eurasia.org\/index.php\/wp-json\/wp\/v2\/posts"}],"about":[{"href":"https:\/\/movimento-sociale-eurasia.org\/index.php\/wp-json\/wp\/v2\/types\/post"}],"author":[{"embeddable":true,"href":"https:\/\/movimento-sociale-eurasia.org\/index.php\/wp-json\/wp\/v2\/users\/1"}],"replies":[{"embeddable":true,"href":"https:\/\/movimento-sociale-eurasia.org\/index.php\/wp-json\/wp\/v2\/comments?post=985"}],"version-history":[{"count":1,"href":"https:\/\/movimento-sociale-eurasia.org\/index.php\/wp-json\/wp\/v2\/posts\/985\/revisions"}],"predecessor-version":[{"id":987,"href":"https:\/\/movimento-sociale-eurasia.org\/index.php\/wp-json\/wp\/v2\/posts\/985\/revisions\/987"}],"wp:featuredmedia":[{"embeddable":true,"href":"https:\/\/movimento-sociale-eurasia.org\/index.php\/wp-json\/wp\/v2\/media\/986"}],"wp:attachment":[{"href":"https:\/\/movimento-sociale-eurasia.org\/index.php\/wp-json\/wp\/v2\/media?parent=985"}],"wp:term":[{"taxonomy":"category","embeddable":true,"href":"https:\/\/movimento-sociale-eurasia.org\/index.php\/wp-json\/wp\/v2\/categories?post=985"},{"taxonomy":"post_tag","embeddable":true,"href":"https:\/\/movimento-sociale-eurasia.org\/index.php\/wp-json\/wp\/v2\/tags?post=985"}],"curies":[{"name":"wp","href":"https:\/\/api.w.org\/{rel}","templated":true}]}}