{"id":967,"date":"2022-08-29T09:51:07","date_gmt":"2022-08-29T09:51:07","guid":{"rendered":"https:\/\/movimento-sociale-eurasia.org\/?p=967"},"modified":"2022-11-12T11:26:05","modified_gmt":"2022-11-12T11:26:05","slug":"come-darya-dugina-deve-morire","status":"publish","type":"post","link":"https:\/\/movimento-sociale-eurasia.org\/index.php\/2022\/08\/29\/come-darya-dugina-deve-morire\/","title":{"rendered":"&#8220;Come Darya Dugina deve morire?&#8221; Il vigliacco attacco personale contro una donna che difende la famiglia"},"content":{"rendered":"\n<p>Nuovamente sotto la lente d\u2019aggressione della comunit\u00e0 LGBTQ+ Carlotta Toschi, avvocato bolognese, 38 anni, portavoce per Alternativa per l\u2019Italia, Emilia-Romagna.<\/p>\n\n\n\n<p><br>Uno degli utenti del blog www.gayburg.com le ha riservato questa frase &#8220;Non \u00e8 che anche a lei capiter\u00e0 di prendere la macchina di suo padre?\u2026\u2026&#8221; (cfr. screenshot allegato)<\/p>\n\n\n<div class=\"wp-block-image\">\n<figure class=\"alignright size-large is-resized\"><img loading=\"lazy\" decoding=\"async\" src=\"https:\/\/movimento-sociale-eurasia.org\/wp-content\/uploads\/2022\/08\/Commento-Vigliacco-994x1024.jpg\" alt=\"\" class=\"wp-image-968\" width=\"351\" height=\"362\" srcset=\"https:\/\/movimento-sociale-eurasia.org\/wp-content\/uploads\/2022\/08\/Commento-Vigliacco-994x1024.jpg 994w, https:\/\/movimento-sociale-eurasia.org\/wp-content\/uploads\/2022\/08\/Commento-Vigliacco-291x300.jpg 291w, https:\/\/movimento-sociale-eurasia.org\/wp-content\/uploads\/2022\/08\/Commento-Vigliacco-768x791.jpg 768w, https:\/\/movimento-sociale-eurasia.org\/wp-content\/uploads\/2022\/08\/Commento-Vigliacco-696x717.jpg 696w, https:\/\/movimento-sociale-eurasia.org\/wp-content\/uploads\/2022\/08\/Commento-Vigliacco-1068x1101.jpg 1068w, https:\/\/movimento-sociale-eurasia.org\/wp-content\/uploads\/2022\/08\/Commento-Vigliacco-408x420.jpg 408w, https:\/\/movimento-sociale-eurasia.org\/wp-content\/uploads\/2022\/08\/Commento-Vigliacco.jpg 1080w\" sizes=\"auto, (max-width: 351px) 100vw, 351px\" \/><\/figure><\/div>\n\n\n<p><br><strong>\u201cQuesto post, pubblicato sul blog in data 24 agosto 2022, \u00e8 proprio diffuso a seguito dell\u2019attentato ai danni di Darya Dugina\u201d<\/strong> dice Carlotta Toschi<\/p>\n\n\n\n<p><br>Come reso noto in diverse testate italiane ed estere, Dugina, infatti, \u00e8 morta in un&#8217;esplosione d&#8217;auto. L&#8217;ipotesi pi\u00f9 accreditata \u00e8 un attentato che aveva per bersaglio il padre. Il politologo russo avrebbe infatti dovuto viaggiare nel veicolo con lei.<br><strong>\u201cUno degli utenti della comunit\u00e0 LGBT ipotizza che io possa saltare in aria in un attentato come Darya\u201d<\/strong> prosegue l\u2019avvocato <strong>\u201cQuesto \u00e8 il prezzo che si paga per essere cattolici e per affiancare Adinolfi e Di Stefano?\u201d<\/strong><br><\/p>\n\n\n\n<p>L\u2019odio \u00e8 un sentimento che l\u2019essere umano ha sempre vissuto e che oggi trova un luogo dove dar sfogo a violenza verbale, discriminazione, bodyshaming, cyberbullismo e tanto altro.<\/p>\n\n\n\n<p><br><strong>\u201cI dati ci mostrano che in Italia il fenomeno, purtroppo, \u00e8 ormai diventato virale. Ma qui non si tratta pi\u00f9 di libera espressione o convincimento derivante da scelte legittime riconducibili al pluralismo delle idee o alla libert\u00e0 di espressione\u201d continua Toschi \u201cCondanno fermamente ogni tipo di aggressione, sia fisica che verbale, soprattutto in questo caso che \u00e8 totalmente gratuita.\u201d<\/strong><\/p>\n\n\n<div class=\"wp-block-image\">\n<figure class=\"alignleft size-large is-resized\"><img loading=\"lazy\" decoding=\"async\" src=\"https:\/\/movimento-sociale-eurasia.org\/wp-content\/uploads\/2022\/08\/Carlotta-Toschi-29-8-768x1024.jpg\" alt=\"\" class=\"wp-image-969\" width=\"327\" height=\"436\" srcset=\"https:\/\/movimento-sociale-eurasia.org\/wp-content\/uploads\/2022\/08\/Carlotta-Toschi-29-8-768x1024.jpg 768w, https:\/\/movimento-sociale-eurasia.org\/wp-content\/uploads\/2022\/08\/Carlotta-Toschi-29-8-225x300.jpg 225w, https:\/\/movimento-sociale-eurasia.org\/wp-content\/uploads\/2022\/08\/Carlotta-Toschi-29-8-1152x1536.jpg 1152w, https:\/\/movimento-sociale-eurasia.org\/wp-content\/uploads\/2022\/08\/Carlotta-Toschi-29-8-696x928.jpg 696w, https:\/\/movimento-sociale-eurasia.org\/wp-content\/uploads\/2022\/08\/Carlotta-Toschi-29-8-1068x1424.jpg 1068w, https:\/\/movimento-sociale-eurasia.org\/wp-content\/uploads\/2022\/08\/Carlotta-Toschi-29-8-315x420.jpg 315w, https:\/\/movimento-sociale-eurasia.org\/wp-content\/uploads\/2022\/08\/Carlotta-Toschi-29-8.jpg 1200w\" sizes=\"auto, (max-width: 327px) 100vw, 327px\" \/><figcaption>L&#8217;Avv. Carlotta Toschi<\/figcaption><\/figure><\/div>\n\n\n<p><br>Da tempo, l\u2019avvocato \u00e8 bersaglio gratuito del blog Gayburg dove \u00e8 continuamente oggetto di diffamazione, dileggio e discriminazione.<\/p>\n\n\n\n<p><br>A riguardo, osserva l\u2019avvocato <strong>\u201cL\u2019ambiente dei social network ha un potere di diffusione molto pi\u00f9 capillare, rispetto ai media tradizionali, nonch\u00e9 una notevole capacit\u00e0 di persistenza nel tempo e di divulgazione. Per esperienza professionale, ho potuto apprendere che la violenza online, raramente rimane confinata al digitale, traducendosi spesso in offese verbali, stalking e violenze fisiche, ma soprattutto perch\u00e9 tali condotte, circolando in rete, si moltiplicano esponenzialmente. Bisogna fare molta attenzione\u201d.<\/strong><br><\/p>\n\n\n\n<p>Cosa sarebbe successo se fosse in vigore il DDL ZAN? <strong>\u201cRicordo a me stessa che l\u2019 articolo 2 del Ddl Zan che modificherebbe l\u2019articolo 604-bis del codice penale, uno degli articoli che regolano i delitti contro l\u2019eguaglianza prevede che sia punito chi propaganda idee fondate sulla superiorit\u00e0 o sull\u2019odio razziale o etnico, ovvero istiga a commettere o commette atti di discriminazione per motivi razziali, etnici, nazionali o religiosi e chi, in qualsiasi modo, istiga a commettere o commette violenza o atti di provocazione alla violenza per motivi razziali, etnici, nazionali o religiosi\u201d<\/strong> osserva l\u2019avvocato.<br><strong>\u201cInvito a riflessione: da troppo tempo, persone collegate politicamente o semplicemente per amicizia al Popolo della Famiglia, partito che si distingue per un programma cattolico e pro &#8211; life e di Alternativa per l\u2019Italia, vengono diffamati dal blog Gayburg\u201d<\/strong> prosegue la stessa \u201cGli autori degli articoli del blog e i commentatori si nascondono dietro l\u2019anonimato totale: noi, invece, con coraggio, ci mettiamo la faccia. Valga la presente di invito agli autori del blog Gayburg: uscite dalla rete e palesatevi\u201d<\/p>\n\n\n\n<p><\/p>\n\n\n\n<p><strong>Movimento Sociale Eurasia M.S.E. offre piena solidariet\u00e0 all&#8217;Avv. Carlotta Toschi, vittima di questo vigliacco e squallido attacco personale.<\/strong><\/p>\n","protected":false},"excerpt":{"rendered":"<p>Nuovamente sotto la lente d\u2019aggressione della comunit\u00e0 LGBTQ+ Carlotta Toschi, avvocato bolognese, 38 anni, portavoce per Alternativa per l\u2019Italia, Emilia-Romagna. Uno degli utenti del blog www.gayburg.com le ha riservato questa frase &#8220;Non \u00e8 che anche a lei capiter\u00e0 di prendere la macchina di suo padre?\u2026\u2026&#8221; (cfr. screenshot allegato) \u201cQuesto post, pubblicato sul blog in data [&hellip;]<\/p>\n","protected":false},"author":1,"featured_media":969,"comment_status":"open","ping_status":"open","sticky":false,"template":"","format":"standard","meta":{"om_disable_all_campaigns":false,"footnotes":""},"categories":[15,20],"tags":[49,46,48],"class_list":["post-967","post","type-post","status-publish","format-standard","has-post-thumbnail","hentry","category-articoli","category-attualita-politica","tag-attentato-darya-dugina","tag-carlotta-toschi","tag-lgbtq"],"aioseo_notices":[],"_links":{"self":[{"href":"https:\/\/movimento-sociale-eurasia.org\/index.php\/wp-json\/wp\/v2\/posts\/967","targetHints":{"allow":["GET"]}}],"collection":[{"href":"https:\/\/movimento-sociale-eurasia.org\/index.php\/wp-json\/wp\/v2\/posts"}],"about":[{"href":"https:\/\/movimento-sociale-eurasia.org\/index.php\/wp-json\/wp\/v2\/types\/post"}],"author":[{"embeddable":true,"href":"https:\/\/movimento-sociale-eurasia.org\/index.php\/wp-json\/wp\/v2\/users\/1"}],"replies":[{"embeddable":true,"href":"https:\/\/movimento-sociale-eurasia.org\/index.php\/wp-json\/wp\/v2\/comments?post=967"}],"version-history":[{"count":4,"href":"https:\/\/movimento-sociale-eurasia.org\/index.php\/wp-json\/wp\/v2\/posts\/967\/revisions"}],"predecessor-version":[{"id":976,"href":"https:\/\/movimento-sociale-eurasia.org\/index.php\/wp-json\/wp\/v2\/posts\/967\/revisions\/976"}],"wp:featuredmedia":[{"embeddable":true,"href":"https:\/\/movimento-sociale-eurasia.org\/index.php\/wp-json\/wp\/v2\/media\/969"}],"wp:attachment":[{"href":"https:\/\/movimento-sociale-eurasia.org\/index.php\/wp-json\/wp\/v2\/media?parent=967"}],"wp:term":[{"taxonomy":"category","embeddable":true,"href":"https:\/\/movimento-sociale-eurasia.org\/index.php\/wp-json\/wp\/v2\/categories?post=967"},{"taxonomy":"post_tag","embeddable":true,"href":"https:\/\/movimento-sociale-eurasia.org\/index.php\/wp-json\/wp\/v2\/tags?post=967"}],"curies":[{"name":"wp","href":"https:\/\/api.w.org\/{rel}","templated":true}]}}