{"id":749,"date":"2022-08-16T09:07:29","date_gmt":"2022-08-16T09:07:29","guid":{"rendered":"https:\/\/movimento-sociale-eurasia.org\/?p=749"},"modified":"2022-08-16T09:08:48","modified_gmt":"2022-08-16T09:08:48","slug":"lettera-aperta-dellavv-augusto-sinagra-allon-giorgia-meloni","status":"publish","type":"post","link":"https:\/\/movimento-sociale-eurasia.org\/index.php\/2022\/08\/16\/lettera-aperta-dellavv-augusto-sinagra-allon-giorgia-meloni\/","title":{"rendered":"Lettera aperta dell&#8217;Avv. Augusto Sinagra all&#8217;On.Giorgia Meloni"},"content":{"rendered":"\n<p>(ASI) Riceviamo e pubblichiamo la lettera aperta inviata dall&#8217;Avvocato Augusto Sinagra all&#8217;Onorevole, Giorgia Meloni.<\/p>\n\n\n\n<p><br>Egregia Signora, non essendo n\u00e9 un supponente n\u00e9 un saccente, mi lasci dire che mai avrei pensato di darle la confidenza di rivolgerle pubblicamente alcune considerazioni riguardanti il suo ruolo.<br>Parto dall\u2019ultima notizia: lei sta facendo cancellare dai social tutte le sue esternazioni a favore dei sieri genici che hanno provocato sofferenze e morte. Di questo lei era ed \u00e8 consapevole. Cos\u00ec pure sono scomparsi i suoi post di sostegno all\u2019infame green pass.<br>Ovviamente, lei ha dato queste disposizioni in vista delle prossime consultazioni politiche per poter continuare a gabellare gli elettori e acquisire voti. Gi\u00e0 questo d\u00e0 la misura della sua consistenza etica e politica. Ma \u00e8 da tempo che lei fa politica con l\u2019inganno.<br>Lei \u00e8 la stessa persona che \u00e8 corsa ad inserirsi nell\u2019Aspen Institute che \u00e8 la fogna del peggiore globalismo e della peggiore finanza internazionale speculativa. Non ha esitato ad assumere la presidenza, nel Parlamento europeo, del Partito dei Conservatori.<br>Ogni suo atteggiamento, condotta, azione politica, posizionamento partitico \u00e8 stato sempre funzionale ai suoi personali interessi anche a livello familiare, facendo eleggere Deputato pure suo cognato.<br>Io la conosco da tempo e lei lo sa, e mi ricordo le sue dichiarazioni di fedelt\u00e0 alle idee fasciste, i suoi sgambettanti saluti romani, i suoi scimmiottamenti di quella che possiamo definire la liturgia fascista. Questo ai tempi del Fronte della Giovent\u00f9.<br>Si possono conservare le idee anche partecipando ad altre formazioni partitiche non rappresentative di quelle idee ma lei ha fatto di pi\u00f9 e ha superato ogni misura pur di acquisire consensi e appoggi per la sua carriera politica perch\u00e9, egregia Signora Meloni, \u00e8 cos\u00ec che lei intende la politica e cio\u00e8 come strumento attraverso il quale fare \u201ccarriera\u201d.<br>Lei oggi aspira legittimamente, come chiunque altro, alla Presidenza del Consiglio dei Ministri ma se dovesse conseguire anche questo risultato di \u201ccarriera\u201d, questo avverr\u00e0 all\u2019esito di un lungo percorso lastricato di opportunismo, contraddittoriet\u00e0, tradimenti politici e ideali.<br>E anche abiure: lei \u00e8 la stessa persona che dichiar\u00f2 pubblicamente di non volere fascisti nel suo Partito. Ne sia assolutamente sicura: i fascisti veri se ne tengono alla larga perch\u00e9 sono ben consapevoli che il pericolo viene da destra e il nemico \u00e8 la borghesia parassitaria. E lei interpreta perfettamente la peggiore destra e la peggiore borghesia.<br>Sono consapevole che accreditandola ora come una antifascista, contribuisco alla sua \u201ccarriera\u201d politica. Non mi aspetto un ringraziamento, ma dovrebbe farlo sempre per il suo innato senso dell\u2019opportunismo.<br>Lei \u00e8 la stessa persona che vot\u00f2 la fiducia al governo Monti, che vot\u00f2 l\u2019infame legge Fornero, il pareggio di bilancio inserito addirittura nel testo costituzionale. Non vot\u00f2 il \u201cfiscal compact\u201d solo perch\u00e9, come lei ebbe a dire, quel giorno non era in Parlamento. Forse attendeva ad altri impegni per lei pi\u00f9 convenienti.<br>Poi abbiamo avuto la pantomima della finta opposizione al governo di Mario Draghi che ha tormentato il Popolo italiano anche per merito suo e del suo Partito che abusivamente porta il nome creato da Goffredo Mameli.<br>Lei si dichiara \u201catlantista\u201d, sostenitrice fedele della NATO e favorevole all\u2019invio di armi e Soldati italiani in Ucraina. Capisco che per la sua \u201ccarriera\u201d ha bisogno dell\u2019appoggio del deep State USA che ha insanguinato e insanguina il mondo ma, accecata dalle sue ambizioni, ha perso il senso dell\u2019etica politica e della cura degli interessi nazionali.<br>La strada che lei percorre \u00e8 anche intrisa di sangue.<br>Lei \u00e8 tra i personaggi politici che pi\u00f9 si sono impegnati negli ultimi due anni e mezzo, attraverso lo strumento della asserita epidemia, a devastare non solo l\u2019economia e la politica intesa in senso alto, ma soprattutto a devastare le coscienze dei cittadini.<br>Non ho e non ho mai coltivato aspirazioni elettorali ed \u00e8 con riguardo a questo mio personale posizionamento apparentemente solitario (ma non \u00e8 cos\u00ec perch\u00e9 di Camerati veri e di Cittadini onesti ce ne sono molti di pi\u00f9 di quanto lei immagini) e questo mi d\u00e0 \u201ctitolo\u201d per marcare, per mia fortuna, le differenze fra me e lei.<br>Io ho sempre vissuto del mio lavoro, come molti altri. Lei non pu\u00f2 dire lo stesso perch\u00e9 lei non ha mai lavorato e non conosce la fatica e la gioia del lavoro.<\/p>\n\n\n\n<p><br>Io non ho mai tradito le mie idee, lei lo ha fatto gi\u00e0 da tempo e continua a farlo.<br>Mediti sulle parole dell\u2019Autore dei \u201cCanti pisani\u201d: \u201cSe uno non \u00e8 capace di sostenere le proprie idee, o non valgono niente le idee o non vale niente lui\u201d.<\/p>\n\n\n\n<p><br>Lei ovviamente non avr\u00e0 il mio voto ma stia pur tranquilla che da tanti e tanti altri non avr\u00e0 sostegno elettorale poich\u00e9 tra le tante altre cose ce n\u2019\u00e8 una in particolare che lei e i suoi palafrenieri non avete capito: gli Italiani non sono stupidi.<br>In chiusura di una lettera, dovrei rivolgerle i saluti ma non lo faccio. Non sono un ipocrita.<\/p>\n\n\n\n<p><br>Augusto Sinagra<\/p>\n\n\n\n<p><\/p>\n\n\n\n<p><strong>Fonte:<\/strong><\/p>\n\n\n\n<p><a href=\"https:\/\/agenziastampaitalia.it\/lettere-in-redazione\/61807-lettera-aperta-dell-avv-augusto-sinagra-all-on-giorgia-meloni\">https:\/\/agenziastampaitalia.it\/lettere-in-redazione\/61807-lettera-aperta-dell-avv-augusto-sinagra-all-on-giorgia-meloni<\/a><\/p>\n\n\n\n<p><\/p>\n","protected":false},"excerpt":{"rendered":"<p>(ASI) Riceviamo e pubblichiamo la lettera aperta inviata dall&#8217;Avvocato Augusto Sinagra all&#8217;Onorevole, Giorgia Meloni. Egregia Signora, non essendo n\u00e9 un supponente n\u00e9 un saccente, mi lasci dire che mai avrei pensato di darle la confidenza di rivolgerle pubblicamente alcune considerazioni riguardanti il suo ruolo.Parto dall\u2019ultima notizia: lei sta facendo cancellare dai social tutte le sue [&hellip;]<\/p>\n","protected":false},"author":1,"featured_media":750,"comment_status":"open","ping_status":"open","sticky":false,"template":"","format":"standard","meta":{"om_disable_all_campaigns":false,"footnotes":""},"categories":[1],"tags":[],"class_list":["post-749","post","type-post","status-publish","format-standard","has-post-thumbnail","hentry","category-uncategorized"],"aioseo_notices":[],"_links":{"self":[{"href":"https:\/\/movimento-sociale-eurasia.org\/index.php\/wp-json\/wp\/v2\/posts\/749","targetHints":{"allow":["GET"]}}],"collection":[{"href":"https:\/\/movimento-sociale-eurasia.org\/index.php\/wp-json\/wp\/v2\/posts"}],"about":[{"href":"https:\/\/movimento-sociale-eurasia.org\/index.php\/wp-json\/wp\/v2\/types\/post"}],"author":[{"embeddable":true,"href":"https:\/\/movimento-sociale-eurasia.org\/index.php\/wp-json\/wp\/v2\/users\/1"}],"replies":[{"embeddable":true,"href":"https:\/\/movimento-sociale-eurasia.org\/index.php\/wp-json\/wp\/v2\/comments?post=749"}],"version-history":[{"count":4,"href":"https:\/\/movimento-sociale-eurasia.org\/index.php\/wp-json\/wp\/v2\/posts\/749\/revisions"}],"predecessor-version":[{"id":756,"href":"https:\/\/movimento-sociale-eurasia.org\/index.php\/wp-json\/wp\/v2\/posts\/749\/revisions\/756"}],"wp:featuredmedia":[{"embeddable":true,"href":"https:\/\/movimento-sociale-eurasia.org\/index.php\/wp-json\/wp\/v2\/media\/750"}],"wp:attachment":[{"href":"https:\/\/movimento-sociale-eurasia.org\/index.php\/wp-json\/wp\/v2\/media?parent=749"}],"wp:term":[{"taxonomy":"category","embeddable":true,"href":"https:\/\/movimento-sociale-eurasia.org\/index.php\/wp-json\/wp\/v2\/categories?post=749"},{"taxonomy":"post_tag","embeddable":true,"href":"https:\/\/movimento-sociale-eurasia.org\/index.php\/wp-json\/wp\/v2\/tags?post=749"}],"curies":[{"name":"wp","href":"https:\/\/api.w.org\/{rel}","templated":true}]}}