{"id":735,"date":"2019-03-02T19:44:00","date_gmt":"2019-03-02T19:44:00","guid":{"rendered":"https:\/\/movimento-sociale-eurasia.org\/?p=735"},"modified":"2022-09-08T09:58:36","modified_gmt":"2022-09-08T09:58:36","slug":"intervista-a-roberto-jonghi-la-vecchia-destra-con-la-nuova-lega-intervista-del-2-marzo-2019","status":"publish","type":"post","link":"https:\/\/movimento-sociale-eurasia.org\/index.php\/2019\/03\/02\/intervista-a-roberto-jonghi-la-vecchia-destra-con-la-nuova-lega-intervista-del-2-marzo-2019\/","title":{"rendered":"Intervista a Roberto Jonghi &#8211; La vecchia Destra con la nuova Lega"},"content":{"rendered":"\n<p>(CONSULPRESS) 2 Marzo 2019<\/p>\n\n\n\n<p>PER EDIFICARE \u201cL\u2019 EUROPA DEI POPOLI\u201d una confluenza sinergica tra una \u201cFORTE DESTRA ed una NUOVA LEGA\u201c ! cos\u00ec sostiene in una intervista Roberto Jonghi Lavarini \u2013 Dirigente Nazionale MSE. Dopo circa un anno la Consul Press incontra nuovamente Roberto Jonghi Lavarini, che ci espone in collegamento Skype le sue valutazioni sull\u2019 attuale situazione interna ed internazionale a pochi mesi di distanza dalla prossima consultazione elettorale per il Parlamento Europeo. Il precedente incontro, svoltosi a Milano, precedeva invece la consultazione per il Parlamento Nazionale, ove Roberto Jonghi si presentava come candidato alla Camera dei Deputati ottenendo un apprezzabile risultato ma, purtroppo, non il seggio.<\/p>\n\n\n\n<p><strong>D. Roberto, lo scorso anno eri candidato alla Camera dei Deputati nelle liste di \u201cFratelli d\u2019Italia\u201d ma oggi sostieni la Lega di Matteo Salvini. Ci puoi meglio precisare la tua posizione?<\/strong><\/p>\n\n\n\n<p>R. In realt\u00e0, gi\u00e0 alle scorse elezioni europee del 2014, alla loro prima alleanza con Marine Le Pen, sostenemmo sia la Lega sia gli amici Mario Borghezio, Gianluca Buonanno e Angelo Ciocca. Poi abbiamo sperato nella riunificazione della destra italiana e nella sua successiva confluenza, insieme alla Lega, in un soggetto unico, un grande fronte nazionale come quello francese, appunto. Ma Giorgia Meloni ha legittimamente preferito fare altro, virare al centro, accogliendo numerosi notabili transfughi di Forza Italia, alleandosi con Raffaele Fitto, ed entrando a fare ufficialmente parte del gruppo moderato dei Conservatori Riformisti europei. Noi, invece, molto semplicemente, siamo e rimaniamo noi stessi, \u201cnazional-popolari\u201d (populisti, in termini giornalistici), a difesa della giustizia sociale, della identit\u00e0 e sovranit\u00e0 della nostra Patria. Ora dobbiamo concentrare tutti i nostri sforzi sulle elezioni europee, senza disperdere energie ma, subito dopo, la Lega deve consolidare il proprio consenso, organizzandosi bene sul territorio, aprendosi ad una reale partecipazione, dandosi una precisa struttura operativa e selezionando una adeguata classe dirigente. Noi siamo pronti a fare il nostro dovere e a dare il nostro contributo, confluendo nella Lega 3.0<\/p>\n\n\n<div class=\"wp-block-image\">\n<figure class=\"alignright size-large is-resized\"><img loading=\"lazy\" decoding=\"async\" src=\"https:\/\/movimento-sociale-eurasia.org\/wp-content\/uploads\/2022\/08\/Jonghi-Borghezio-1024x856.jpg\" alt=\"\" class=\"wp-image-736\" width=\"430\" height=\"347\"\/><figcaption>Roberto Jonghi e Mario Borghezio<\/figcaption><\/figure><\/div>\n\n\n<p><strong>D. Quali sono, quindi, le tue valutazioni politiche sulla frammentazione elettorale a destra, Fratelli d\u2019Italia ma anche Casa Pound e Forza Nuova\u2026<\/strong><\/p>\n\n\n\n<p>R. Nessun nemico a destra. Non polemizzo pi\u00f9 con i miei vecchi camerati, con i quali ho percorso molta strada, anni di militanza, e con i quali \u00e8 necessario continuare a dialogare e, possibilmente, anche a collaborare ed a convergere. Con molti di loro, peraltro, al di l\u00e0 delle diverse scelte strategiche e partitiche, continuo a mantenere un solido rapporto di amicizia, affetto e stima. Nordestra e il MSE sostengono, invitando tutti i patrioti a fare altrettanto, l\u2019alleanza ed il progetto politico europeo della nuova Lega di Matteo Salvini, ovvero il \u201cMovimento per l\u2019Europa delle Nazioni e delle Libert\u00e0\u201d. Unione nazional-popolare che, simbolicamente, \u00e8 rappresentata da una bella aquila, regina dei cieli, come quella imperiale romana (ripresa dalla RSI) che vola in alto, forte e libera, al di sopra di piccoli orticelli e sterili polemiche. Le prossime elezioni europee, ripeto, saranno determinanti per il nostro futuro.<\/p>\n\n\n\n<p><strong>D. Quindi sostenete anche questo governo? Ma preferite la vecchia coalizione di centro-destra o l\u2019inedita alleanza populista giallo-verde con il Movimento 5 Stelle?<\/strong><\/p>\n\n\n\n<p>R. Il centrodestra governa bene regioni e comuni, dando prova di solidit\u00e0 politica e programmatica. Ma il vecchio centrodestra di Berlusconi e Formigoni \u00e8 definitivamente e plasticamente finito. Bisogna ripensare ad una nuova alleanza di destra-centro, a trazione leghista, con Forza Italia, FDI, partiti minori e liste civiche. La Lega ha raggiunto probabilmente la sua massima espansione elettorale (parlo da studioso di scienze politiche) e, comunque, il dato storico e sociologico indica nel 35 il massimo consenso elettorale raggiunto da similari forze populiste in tutto il mondo europeo ed occidentale. Il sistema democratico parlamentare liberal-capitalista \u00e8 appositamente congeniato per salvare se stesso, frammentando l\u2019identit\u00e0 culturale ed il corpo elettorale delle nazioni. In sintesi, Salvini e la Lega non avranno mai il consenso necessario per governare da soli, quindi, devono forzatamente accordarsi con qualcuno, o un rinnovato centrodestra o il Movimento 5 Stelle o parte di esso. Personalmente, trovo che questo governo, attaccato da tutti i poteri forti italiani ed internazionali e dai mass media, al 90% da loro controllati, stia lavorando bene, rispettando programmi elettorali e patti politici, cercando di fare gli interessi del popolo italiano, pensando innanzitutto alla sua sicurezza (con il blocco della immigrazione clandestina) ed alla tutela delle fasce pi\u00f9 povere (con la riforma delle pensioni ed il reddito di cittadinanza). Ma, soprattutto, questo governo ha mostrato i muscoli e fatto la voce grossa in difesa della nostra sovranit\u00e0 nazionale e popolare. Gesti rivoluzionari che hanno agitato i mercati (ed i mercanti del tempio) ma che hanno risvegliato e inorgoglito gli italiani.<\/p>\n\n\n<div class=\"wp-block-image\">\n<figure class=\"alignleft size-full\"><img loading=\"lazy\" decoding=\"async\" width=\"379\" height=\"349\" src=\"https:\/\/movimento-sociale-eurasia.org\/wp-content\/uploads\/2022\/08\/Jonghi-Dugin.jpg\" alt=\"\" class=\"wp-image-737\" srcset=\"https:\/\/movimento-sociale-eurasia.org\/wp-content\/uploads\/2022\/08\/Jonghi-Dugin.jpg 379w, https:\/\/movimento-sociale-eurasia.org\/wp-content\/uploads\/2022\/08\/Jonghi-Dugin-300x276.jpg 300w\" sizes=\"auto, (max-width: 379px) 100vw, 379px\" \/><figcaption>Roberto Jonghi ed Aleksandr Dugin<\/figcaption><\/figure><\/div>\n\n\n<p><strong>D. Parliamo appunto delle prossime elezioni europee e delle future prospettive\u2026<\/strong><\/p>\n\n\n\n<p>R. Le prossime elezioni saranno comunque una rivoluzione storica che cambier\u00e0 positivamente questa Europa. Se va bene le destre nazional-popolari saranno al governo, insieme ai Conservatori ed ai Popolari o parte di essi. Se va male, comunque, la presenza populista e sovranista sar\u00e0 quadruplicata e quindi assolutamente determinante in tutte le scelte e leggi future. Il prossimo Parlamento Europeo dovr\u00e0, insieme alle nazioni sovrane, riscrivere le regole di questa unione, dando pi\u00f9 spazio alla politica rispetto alla economia, alle famiglie ed imprese rispetto al sistema finanziario della moneta unica. Solo una netta vittoria elettorale nazional-popolare potr\u00e0 dare al governo nazionale quella forza politica e contrattuale necessaria, nei confronti dei grandi parassiti privati delle banche centrali, per abbassare finalmente i tassi e le tasse, rilanciando la sana economia produttiva: l\u2019agricoltura, l\u2019industria, il commercio, il turismo, quindi il lavoro e le famiglie italiane.<\/p>\n\n\n\n<p><\/p>\n\n\n\n<p><strong>D. E cambieranno anche i rapporti internazionali fra Europa e resto del mondo? So che Tu sei in buoni rapporti con il Prof. Alexander Dugin, quindi naturalmente anche un attento osservatore della Federazione Russa e della Chiesa Ortodossa \u2026..<\/strong><\/p>\n\n\n\n<p>R. Sicuramente si. La NATO cos\u00ec come \u00e8 organizzata oggi, \u00e8 assolutamente inutile e persino dannosa, nel senso che non tutela gli interessi europei ma solo quelli economici degli apparati industriali militari e geopolitici degli USA che nel Mediterraneo, Balcani, Ucraina e Medio oriente hanno solo combinato disastri, rovesciato regimi stabili e laici, fomentando il terrorismo islamico e l\u2019immigrazione di massa. O la NATO cambia rotta o meglio uscirne e costruire nuove alleanze. Ma il discorso \u00e8 assai pi\u00f9 complesso e bene espresso nella Quarta Teoria Politica del Prof. Alexander Dugin. Il mondo bipolare ideologico \u00e8 finito. Il comunismo \u00e8 morto ed il capitalismo finanziario \u00e8 in profonda crisi. Dobbiamo pensare ad un nuovo sistema internazionale multipolare ed anche multi culturale. Da un punto di vista geopolitico l\u2019Europa fa gi\u00e0 parte dell\u2019Eurasia e nella Russia di Putin vi sono, non solo straordinarie opportunit\u00e0 per le imprese italiane, ma saldi punti di riferimento culturali e spirituali. Ex oriente lux: Mosca \u00e8 veramente tornata ad essere Terza Roma, fato di luce e di civilt\u00e0. Il mondo progressista liberale \u00e8 solo un modello, una delle ipotesi di sviluppo, affatto inevitabile, noi siamo per una collaborazione fra nazioni e identit\u00e0 forti e consapevoli. Il capitalismo finanziario \u00e8 una dittatura delle multinazionali (ovvero di poche famiglie di capitalisti privati che fanno solo i lori interessi economici) che cerca di imporre un pensiero unico relativista arcobaleno, distruggendo ogni differenza di cultura, religione, razza e persino sesso. Il mondialismo vuole comandare su un mondo di beoti consumatori tutti uguali. Noi siamo per la tutela delle differenze e per la loro pacifica convivenza e collaborazione.<\/p>\n\n\n<div class=\"wp-block-image\">\n<figure class=\"alignright size-large is-resized\"><img loading=\"lazy\" decoding=\"async\" src=\"https:\/\/movimento-sociale-eurasia.org\/wp-content\/uploads\/2022\/08\/Jonghi-Le-Pen-1024x879.jpg\" alt=\"\" class=\"wp-image-738\" width=\"319\" height=\"274\" srcset=\"https:\/\/movimento-sociale-eurasia.org\/wp-content\/uploads\/2022\/08\/Jonghi-Le-Pen-1024x879.jpg 1024w, https:\/\/movimento-sociale-eurasia.org\/wp-content\/uploads\/2022\/08\/Jonghi-Le-Pen-300x258.jpg 300w, https:\/\/movimento-sociale-eurasia.org\/wp-content\/uploads\/2022\/08\/Jonghi-Le-Pen-768x659.jpg 768w, https:\/\/movimento-sociale-eurasia.org\/wp-content\/uploads\/2022\/08\/Jonghi-Le-Pen-696x598.jpg 696w, https:\/\/movimento-sociale-eurasia.org\/wp-content\/uploads\/2022\/08\/Jonghi-Le-Pen-1068x917.jpg 1068w, https:\/\/movimento-sociale-eurasia.org\/wp-content\/uploads\/2022\/08\/Jonghi-Le-Pen-489x420.jpg 489w, https:\/\/movimento-sociale-eurasia.org\/wp-content\/uploads\/2022\/08\/Jonghi-Le-Pen.jpg 1196w\" sizes=\"auto, (max-width: 319px) 100vw, 319px\" \/><figcaption>Roberto Jonghi e Marie Le Pen<\/figcaption><\/figure><\/div>\n\n\n<p><strong>D. E come fermare l\u2019invasione di immigrati extraueopei?<\/strong><\/p>\n\n\n\n<p>R. L\u2019Africa \u00e8 un continente gigantesco e ricchissimo, gestito male, soprattutto dopo la fine del colonialismo europeo che, perlomeno, assicurava condizioni decenti alle popolazioni (che non morivano di fame), ordine, sicurezza e stabilit\u00e0 politica. Al colonialismo tradizionale di stampo ottocentesco, infatti, si \u00e8 sostituito un colonialismo ideologico ed economico, pi\u00f9 subdolo, che, fra utopia e corruzione, ha creato solo povert\u00e0, carestie, tremende guerre civili e tribali. Gli Europei devono tornare in Africa, in accordo con i capi tradizionali, religiosi e tribali locali, per elaborare precisi accordi con i governi nazionali, vincolando i nostri aiuti ad un loro preciso, chiaro e trasparente utilizzo. Fino ad ora abbiamo ingrassato, salve rare eccezioni, politicanti incapaci, ladri e crudeli, che si sono arricchiti personalmente, armando milizie private, facendo affari con le multinazionali e lasciando i loro popoli a morire di fame.<\/p>\n\n\n\n<p><strong>D. Alle prossime elezioni, sarai quindi candidato con il MSE insieme alla Lega?<\/strong><\/p>\n\n\n\n<p>R. Sicuramente non alle prossime europee, dove sosterremo la rielezione di Angelo Ciocca e Mario Borghezio, poi vedremo quale sar\u00e0 l\u2019evoluzione generale del quadro politico e specifica della Lega e del fronte sovranista. Intanto, con la Lega, facciamo fronte comune, lasciando la nostra forte e chiara impronta culturale tradizionale nella loro dirigenza locale e base militante\u2026 Poi, in questo momento, oltre alla politica e ad Aristocrazia Europea (associazione nobiliare cavalleresca, con oltre 500 aderenti), mi sto occupando, con Docenti universitari ed Alti Ufficiali in congedo, del progetto culturale Sinergie \u2013 centro europeo di studi, analisi, formazione e consulenza; inoltre mi sto interessando professionalmente di comunicazione e mass-media, tramite lo Studio Moai di Milano, in collegamento con un gruppo di giornalisti e di editori.<\/p>\n\n\n\n<p>Bene Roberto, qui termina la nostra conversazione, augurandoti un sincero \u201cBuon Lavoro e \u2026 in bocca al Lupo\u201d, essendo in sintonia con Te su numerose tematiche ma, anche, in parziale dissenso su alcune proposte o soluzioni caldeggiate dal Movimento 5 Stelle. \/\/<\/p>\n\n\n\n<p><\/p>\n\n\n\n<p><strong>Fonte:<\/strong><\/p>\n\n\n\n<p><a href=\"https:\/\/www.consulpress.eu\/intervista-a-roberto-jonghi-lavarini-la-vecchia-destra-con-la-nuova-lega\/\">https:\/\/www.consulpress.eu\/intervista-a-roberto-jonghi-lavarini-la-vecchia-destra-con-la-nuova-lega\/<\/a><\/p>\n","protected":false},"excerpt":{"rendered":"<p>(CONSULPRESS) 2 Marzo 2019 PER EDIFICARE \u201cL\u2019 EUROPA DEI POPOLI\u201d una confluenza sinergica tra una \u201cFORTE DESTRA ed una NUOVA LEGA\u201c ! cos\u00ec sostiene in una intervista Roberto Jonghi Lavarini \u2013 Dirigente Nazionale MSE. Dopo circa un anno la Consul Press incontra nuovamente Roberto Jonghi Lavarini, che ci espone in collegamento Skype le sue valutazioni [&hellip;]<\/p>\n","protected":false},"author":1,"featured_media":737,"comment_status":"open","ping_status":"open","sticky":false,"template":"","format":"standard","meta":{"om_disable_all_campaigns":false,"footnotes":""},"categories":[15,20],"tags":[66],"class_list":["post-735","post","type-post","status-publish","format-standard","has-post-thumbnail","hentry","category-articoli","category-attualita-politica","tag-roberto-jonghi-lavarini"],"aioseo_notices":[],"_links":{"self":[{"href":"https:\/\/movimento-sociale-eurasia.org\/index.php\/wp-json\/wp\/v2\/posts\/735","targetHints":{"allow":["GET"]}}],"collection":[{"href":"https:\/\/movimento-sociale-eurasia.org\/index.php\/wp-json\/wp\/v2\/posts"}],"about":[{"href":"https:\/\/movimento-sociale-eurasia.org\/index.php\/wp-json\/wp\/v2\/types\/post"}],"author":[{"embeddable":true,"href":"https:\/\/movimento-sociale-eurasia.org\/index.php\/wp-json\/wp\/v2\/users\/1"}],"replies":[{"embeddable":true,"href":"https:\/\/movimento-sociale-eurasia.org\/index.php\/wp-json\/wp\/v2\/comments?post=735"}],"version-history":[{"count":6,"href":"https:\/\/movimento-sociale-eurasia.org\/index.php\/wp-json\/wp\/v2\/posts\/735\/revisions"}],"predecessor-version":[{"id":748,"href":"https:\/\/movimento-sociale-eurasia.org\/index.php\/wp-json\/wp\/v2\/posts\/735\/revisions\/748"}],"wp:featuredmedia":[{"embeddable":true,"href":"https:\/\/movimento-sociale-eurasia.org\/index.php\/wp-json\/wp\/v2\/media\/737"}],"wp:attachment":[{"href":"https:\/\/movimento-sociale-eurasia.org\/index.php\/wp-json\/wp\/v2\/media?parent=735"}],"wp:term":[{"taxonomy":"category","embeddable":true,"href":"https:\/\/movimento-sociale-eurasia.org\/index.php\/wp-json\/wp\/v2\/categories?post=735"},{"taxonomy":"post_tag","embeddable":true,"href":"https:\/\/movimento-sociale-eurasia.org\/index.php\/wp-json\/wp\/v2\/tags?post=735"}],"curies":[{"name":"wp","href":"https:\/\/api.w.org\/{rel}","templated":true}]}}