{"id":262,"date":"2022-02-08T23:33:38","date_gmt":"2022-02-08T23:33:38","guid":{"rendered":"https:\/\/movimento-sociale-eurasia.org\/?p=262"},"modified":"2022-08-16T08:58:20","modified_gmt":"2022-08-16T08:58:20","slug":"la-modenese-pigoni-eletta-segretario-regionale-del-partito-di-calenda","status":"publish","type":"post","link":"https:\/\/movimento-sociale-eurasia.org\/index.php\/2022\/02\/08\/la-modenese-pigoni-eletta-segretario-regionale-del-partito-di-calenda\/","title":{"rendered":"La modenese Pigoni eletta segretario regionale del partito di Calenda"},"content":{"rendered":"\n<p>La modenese Giulia Pigoni \u00e8 stata ufficialmente eletta come segreterio di Azione Emilia-Romagna. Il congresso regionale del movimento fondato da Carlo Calenda si \u00e8 svolto ieri a Bologna: \u2018Sono molto felice \u2013 commenta Pigoni \u2013 per la fiducia che mi \u00e8 stata accordata. Vogliamo costruire la casa di riformisti e liberali: sar\u00e0 una sfida che affronter\u00f2 con entusiasmo e orgoglio. Sono convinta che da questa regione possa partire una spinta decisiva per costruire concretamente il partito che stiamo immaginando insieme\u2019.<\/p>\n\n\n\n<p>Proprio la Regione Emilia-Romagna, secondo la Pigoni, potr\u00e0 infatti essere un laboratorio politico virtuoso. \u2018C\u2019\u00e8 tanto lavoro da fare ma abbiamo tante persone competenti che vogliono mettersi in gioco e tante idee e proposte concrete sulle quali fare affidamento\u2019.<\/p>\n\n\n\n<p>Il neo-segretario ha ringraziato poi il senatore Matteo Richetti per essere intervenuto al congresso, il presidente Stefano Bonaccini per avere aperto il congresso con un video intervento e tutti i delegati provinciali, \u201ccon cui non vedo l\u2019ora di continuare insieme il lavoro di questi anni.<\/p>\n\n\n\n<p><br>Ho visto davvero tanta passione: testimonianza di un partito in continua crescita, pronto a essere alternativa concreta a populismi e nazionalismi, con proposte serie volte a costruire un nuovo modo di fare politica\u201d.<\/p>\n\n\n\n<p><br>A questo proposito, Pigoni annuncia la volont\u00e0 di coinvolgere i rappresentanti di Azione di tutte le province emiliano-romagnole per discutere e confrontarsi costantemente sui temi chiavi e le posizioni politiche: \u201cAnche per comporre la mia segreteria terr\u00f2 conto del merito e della provenienza geografica per scegliere in modo oculato una squadra forte e motivata\u201d.<\/p>\n","protected":false},"excerpt":{"rendered":"<p>La modenese Giulia Pigoni \u00e8 stata ufficialmente eletta come segreterio di Azione Emilia-Romagna. Il congresso regionale del movimento fondato da Carlo Calenda si \u00e8 svolto ieri a Bologna: \u2018Sono molto felice \u2013 commenta Pigoni \u2013 per la fiducia che mi \u00e8 stata accordata. Vogliamo costruire la casa di riformisti e liberali: sar\u00e0 una sfida che [&hellip;]<\/p>\n","protected":false},"author":1,"featured_media":315,"comment_status":"open","ping_status":"open","sticky":false,"template":"","format":"standard","meta":{"om_disable_all_campaigns":false,"footnotes":""},"categories":[15,20],"tags":[],"class_list":["post-262","post","type-post","status-publish","format-standard","has-post-thumbnail","hentry","category-articoli","category-attualita-politica"],"aioseo_notices":[],"_links":{"self":[{"href":"https:\/\/movimento-sociale-eurasia.org\/index.php\/wp-json\/wp\/v2\/posts\/262","targetHints":{"allow":["GET"]}}],"collection":[{"href":"https:\/\/movimento-sociale-eurasia.org\/index.php\/wp-json\/wp\/v2\/posts"}],"about":[{"href":"https:\/\/movimento-sociale-eurasia.org\/index.php\/wp-json\/wp\/v2\/types\/post"}],"author":[{"embeddable":true,"href":"https:\/\/movimento-sociale-eurasia.org\/index.php\/wp-json\/wp\/v2\/users\/1"}],"replies":[{"embeddable":true,"href":"https:\/\/movimento-sociale-eurasia.org\/index.php\/wp-json\/wp\/v2\/comments?post=262"}],"version-history":[{"count":4,"href":"https:\/\/movimento-sociale-eurasia.org\/index.php\/wp-json\/wp\/v2\/posts\/262\/revisions"}],"predecessor-version":[{"id":441,"href":"https:\/\/movimento-sociale-eurasia.org\/index.php\/wp-json\/wp\/v2\/posts\/262\/revisions\/441"}],"wp:featuredmedia":[{"embeddable":true,"href":"https:\/\/movimento-sociale-eurasia.org\/index.php\/wp-json\/wp\/v2\/media\/315"}],"wp:attachment":[{"href":"https:\/\/movimento-sociale-eurasia.org\/index.php\/wp-json\/wp\/v2\/media?parent=262"}],"wp:term":[{"taxonomy":"category","embeddable":true,"href":"https:\/\/movimento-sociale-eurasia.org\/index.php\/wp-json\/wp\/v2\/categories?post=262"},{"taxonomy":"post_tag","embeddable":true,"href":"https:\/\/movimento-sociale-eurasia.org\/index.php\/wp-json\/wp\/v2\/tags?post=262"}],"curies":[{"name":"wp","href":"https:\/\/api.w.org\/{rel}","templated":true}]}}