{"id":260,"date":"2022-02-07T23:32:36","date_gmt":"2022-02-07T23:32:36","guid":{"rendered":"https:\/\/movimento-sociale-eurasia.org\/?p=260"},"modified":"2022-08-16T08:57:44","modified_gmt":"2022-08-16T08:57:44","slug":"covid-e-scuola-e-ufficiale-niente-quarantena-per-i-vaccinati","status":"publish","type":"post","link":"https:\/\/movimento-sociale-eurasia.org\/index.php\/2022\/02\/07\/covid-e-scuola-e-ufficiale-niente-quarantena-per-i-vaccinati\/","title":{"rendered":"Covid e scuola, \u00e8 ufficiale: niente quarantena per i vaccinati"},"content":{"rendered":"\n<p>Al via anche in Emilia-Romagna le nuove disposizioni per la gestione dei casi di positivit\u00e0 delle scuole, previste dal decreto-legge n. 5 del 4 febbraio. E questa mattina, dopo agli incontri tra i tecnici dell\u2019assessorato regionale alle Politiche per la salute, le direzioni delle Aziende sanitarie e l\u2019Ufficio scolastico regionale, \u00e8 stata individuata una linea d\u2019azione comune.<br><\/p>\n\n\n\n<p class=\"has-text-align-center\"><strong>Durata della quarantena<\/strong><\/p>\n\n\n\n<p><\/p>\n\n\n\n<p>Per i vaccinati e i guariti, in caso di contatto con un positivo, non c\u2019\u00e8 pi\u00f9 la quarantena ma solo l\u2019auto-sorverglianza, cio\u00e8 l\u2019obbligo della mascherina ffp2 per 10 giorni e il tampone (va bene anche l\u2019autotesting nella scuola dell\u2019infanzia e primaria) in caso di sintomi.<br>Quando prevista la quarantena rimane solo per i non vaccinati asintomatici che abbiano avuto un contatto con un positivo, ma si riduce da 10 a 5 giorni, dopo di che si potr\u00e0 tornare in classe con un tampone negativo a carico del servizio sanitario regionale.<\/p>\n\n\n\n<p>Il tampone (che deve essere o dell\u2019Azienda Usl, o effettuato in farmacia o nei laboratori autorizzati) andr\u00e0 ripetuto dopo cinque giorni in caso di ulteriore positivit\u00e0.<br>Per chi dovesse rifiutare il tampone, la quarantena manterr\u00e0 la durata di 14 giorni, in attesa di eventuali modifiche delle indicazioni del Ministero della Salute.<\/p>\n\n\n\n<p class=\"has-text-align-center\"><strong>Gestione dei contagi negli asili nido e nelle scuole dell\u2019infanzia<\/strong><\/p>\n\n\n\n<p><\/p>\n\n\n\n<p>Sino a 4 casi di positivit\u00e0 accertata per sezione, la scuola \u00e8 in presenza (con la possibilit\u00e0 del tampone, anche in autotesting, in caso di insorgenza di sintomi). I genitori potranno autocertificare la negativit\u00e0 al test da parte del figlio.<br>Viceversa, in caso di esito positivo, questo dovr\u00e0 essere confermato da test antigenico o molecolare. Docenti e educatori dovranno usare la mascherina Ffp2 fino al decimo giorno successivo al momento in cui sono venuti a conoscenza dell\u2019ultimo contagio. Dall\u2019obbligo di mascherina sono esentati invece i bambini di questa fascia di et\u00e0.<\/p>\n\n\n\n<p><br>In presenza di 5 o pi\u00f9 casi di positivit\u00e0 \u00e8 prevista la sospensione dell\u2019attivit\u00e0 educativa e didattica per cinque giorni. Resta obbligatorio eseguire un test in caso di insorgenza di sintomi.<\/p>\n\n\n\n<p><\/p>\n\n\n\n<p class=\"has-text-align-center\"><strong>Gestione dei contagi nelle scuole primarie e secondarie<\/strong><\/p>\n\n\n\n<p><\/p>\n\n\n\n<p>Nella scuola primaria la didattica a distanza durer\u00e0 5 giorni, riguarder\u00e0 solo i non vaccinati e sar\u00e0 attivata in presenza di 5 o pi\u00f9 casi positivi: vaccinati e guariti da meno di 120 giorni continueranno a frequentare in presenza. Stesse regole anche per le scuole secondarie, per le quali per\u00f2 la dad per i non-vaccinati scatta con due casi.<br>Essendo la norma retroattiva, saranno revocati o rimodulati i provvedimenti di quarantena emessi con le regole precedenti.<\/p>\n","protected":false},"excerpt":{"rendered":"<p>Al via anche in Emilia-Romagna le nuove disposizioni per la gestione dei casi di positivit\u00e0 delle scuole, previste dal decreto-legge n. 5 del 4 febbraio. E questa mattina, dopo agli incontri tra i tecnici dell\u2019assessorato regionale alle Politiche per la salute, le direzioni delle Aziende sanitarie e l\u2019Ufficio scolastico regionale, \u00e8 stata individuata una linea [&hellip;]<\/p>\n","protected":false},"author":1,"featured_media":317,"comment_status":"open","ping_status":"open","sticky":false,"template":"","format":"standard","meta":{"om_disable_all_campaigns":false,"footnotes":""},"categories":[20],"tags":[],"class_list":["post-260","post","type-post","status-publish","format-standard","has-post-thumbnail","hentry","category-attualita-politica"],"aioseo_notices":[],"_links":{"self":[{"href":"https:\/\/movimento-sociale-eurasia.org\/index.php\/wp-json\/wp\/v2\/posts\/260","targetHints":{"allow":["GET"]}}],"collection":[{"href":"https:\/\/movimento-sociale-eurasia.org\/index.php\/wp-json\/wp\/v2\/posts"}],"about":[{"href":"https:\/\/movimento-sociale-eurasia.org\/index.php\/wp-json\/wp\/v2\/types\/post"}],"author":[{"embeddable":true,"href":"https:\/\/movimento-sociale-eurasia.org\/index.php\/wp-json\/wp\/v2\/users\/1"}],"replies":[{"embeddable":true,"href":"https:\/\/movimento-sociale-eurasia.org\/index.php\/wp-json\/wp\/v2\/comments?post=260"}],"version-history":[{"count":4,"href":"https:\/\/movimento-sociale-eurasia.org\/index.php\/wp-json\/wp\/v2\/posts\/260\/revisions"}],"predecessor-version":[{"id":445,"href":"https:\/\/movimento-sociale-eurasia.org\/index.php\/wp-json\/wp\/v2\/posts\/260\/revisions\/445"}],"wp:featuredmedia":[{"embeddable":true,"href":"https:\/\/movimento-sociale-eurasia.org\/index.php\/wp-json\/wp\/v2\/media\/317"}],"wp:attachment":[{"href":"https:\/\/movimento-sociale-eurasia.org\/index.php\/wp-json\/wp\/v2\/media?parent=260"}],"wp:term":[{"taxonomy":"category","embeddable":true,"href":"https:\/\/movimento-sociale-eurasia.org\/index.php\/wp-json\/wp\/v2\/categories?post=260"},{"taxonomy":"post_tag","embeddable":true,"href":"https:\/\/movimento-sociale-eurasia.org\/index.php\/wp-json\/wp\/v2\/tags?post=260"}],"curies":[{"name":"wp","href":"https:\/\/api.w.org\/{rel}","templated":true}]}}