{"id":1717,"date":"2023-08-04T05:47:32","date_gmt":"2023-08-04T05:47:32","guid":{"rendered":"https:\/\/movimento-sociale-eurasia.org\/?p=1717"},"modified":"2023-08-04T05:47:33","modified_gmt":"2023-08-04T05:47:33","slug":"la-rete-fabiana-sullitalia-resa-inerme-di-silvano-danesi","status":"publish","type":"post","link":"https:\/\/movimento-sociale-eurasia.org\/index.php\/2023\/08\/04\/la-rete-fabiana-sullitalia-resa-inerme-di-silvano-danesi\/","title":{"rendered":"LA RETE FABIANA SULL\u2019ITALIA RESA INERME &#8211; di Silvano Danesi"},"content":{"rendered":"\n<p>Lo stridore rabbioso di certi ambienti del progressismo, in particolare radical chic, per i provvedimenti, a dire il vero timidi e spesso senza discontinuit\u00e0, del governo di centro destra, \u00e8 il segno che l\u2019occupazione del potere, sempre, ovunque e comunque, comincia ad essere messa in discussione da un mutamento dei venti che si avverte non solo in Italia e che sta lacerando la rete fabiana stesa su un Paese reso inerme da Mani Pulite, alias Tangentopoli.<\/p>\n\n\n\n<p>Mani Pulite ebbe inizio il 17 febbraio 1992, poco dopo che nel dicembre 1991 era stata dichiarata sciolta l\u2019Unione Sovietica. Il periodo democristiano non serviva pi\u00f9 e il socialista Bettino Craxi aveva osato rivendicare un ruolo da alleato e non da servitore nei confronti degli Usa. Inoltre, fallito il comunismo sovietico, si trattava di eliminare il socialismo craxiano che si ispirava alla socialdemocrazia tedesca, per dare campo libero al liberalsocialismo fabiano, incarnato nel Regno Unico dal Labour Party, negli Usa dai Dem clintoniani e in Italia dal Pds (poi Ds, Ulivo e, infine, Pd), approdato sulle battigie fabiane inglesi e americane, dopo che il vecchio Pci, ormai senza riferimenti internazionali, era stato sciolto.<\/p>\n\n\n\n<p>Il Pds \u00e8 nato il 3 febbraio 1991, guidato fino al 1994 da Achille Occhetto e poi, dal 1994 al 1998 da Massimo D\u2019Alema, il quale, con Romano Prodi, allievo di Beniamino Andreatta, democristiano di quella sinistra che si ispirava a Giovanni Marcora e alla finanza bianca, nonch\u00e9 alla sinistra sociale di Vittorino Colombo, ha fondato l\u2019alleanza dell\u2019Ulivo, dalla quale sortir\u00e0 il Pd.<\/p>\n\n\n\n<p>La trasformazione del Pci in Pds e poi in Ds ha, dunque, aperto le porte ad un\u2019alleanza, che si \u00e8 concretata nell\u2019Ulivo (1995), la quale vede come protagonisti fondatori Massimo D\u2019Alema e Romano Prodi, i quali sono politici che si ispirano al progressismo fabiano.<\/p>\n\n\n\n<p>Tolto di mezzo il comunismo sovietico e eliminato dalla scena politica italiana il Psi, interprete, con Craxi, della socialdemocrazia tedesca della Mitbestimmung e di Bad Godesberg, il campo era libero per il progressismo fabiano.<\/p>\n\n\n\n<p>In Italia inizia l\u2019era dei governi Prodi e D\u2019Alema-Mattarella, ai quali si oppone la formazione politica di Silvio Berlusconi, nella quale si sono riuniti i socialisti, i democristiani di centrodestra, i socialdemocratici e i liberali.<\/p>\n\n\n\n<p>Nei confronti di Berlusconi si sono attivate, come \u00e8 noto, le forze contrarie alla presenza di qualsiasi ostacolo all\u2019introduzione delle politiche ispirate alle idee fabiane, fino al suo allontanamento nel 2011 per ridare nelle mani il potere a governi amici.<\/p>\n\n\n\n<p>Chi del fabianesimo e della Fabian Society volesse farsi una rapida e sintetica idea pu\u00f2 utilmente leggere il libro di Davide Rossi \u201cFabian Society e Pandemia\u201d.<\/p>\n\n\n\n<p>Libro dal quale estraiamo alcune informazioni relative ad alcuni personaggi politici.<\/p>\n\n\n\n<p>Massimo D\u2019Alema ha creato in Italia la Fondazione italiani europei, che si ispira al mondo progressista europeo, nel cui comitato di indirizzo \u00e8 presente Roberto Speranza. D\u2019Alema \u00e8 stato membro della Foundation for European Progressive Studies, la fondazione, finanziata dal Parlamento Europeo, che riunisce tutti i pi\u00f9 importanti think thank (pensatoi) progressisti europei.<\/p>\n\n\n\n<p>La fondazione pi\u00f9 importante e influente di questa galassia \u00e8 la Fabian Society.<\/p>\n\n\n\n<p>Frequentemente Massimo D\u2019Alema \u00e8 intervenuto come relatore alla Summer Conference della Fabian.<\/p>\n\n\n\n<p>D\u2019Alema ha presieduto la Foundation for European Progressive Studies dal 2010 al 2017.<\/p>\n\n\n\n<p>D\u2019Alema \u00e8 anche presidente onorario di un altro think thank, denominato Silk Road Initiative, vicina al governo di Pechino (ne fanno parte ex ministri del governo cinese).<\/p>\n\n\n\n<p>La Silk Road Initiative \u00e8 collegata alla Silk Road Global Information Limited, dalla quale la Protezione Civile, al tempo del Covid, ha acquistato ventilatori Vg70 poi dimostratisi inefficienti.<\/p>\n\n\n\n<p>D\u2019Alema ha anche fondato la Silk Road Winer con sede a Orvieto.<\/p>\n\n\n\n<p>Roberto Speranza, segretario del partito nel quale c\u2019\u00e8 anche D\u2019Alema, ha frequentato la Summer London School fabiana nell\u2019estate 2005.<\/p>\n\n\n\n<p>Speranza, ci spiega Davide Rossi, \u00e8 di madre inglese e il cugino Ken \u00e8 stato collaboratore del fabian laburista Gordon Brown, ex primo ministro del Regno Unito.<\/p>\n\n\n\n<p>Romano Prodi, dopo la laurea in giurisprudenza alla Cattolica di Milano, \u00e8 andato a perfezionare i suoi studi alla fabiana LSE (London School of economics and political science) ed \u00e8 Honorary Fellow della stessa scuola.<\/p>\n\n\n\n<p>Tra i frequentatori della LSE troviamo George Soros e la signora Ursula Albrecht, ossia Ursula von der Leyen, la quale ha studiato economia alla London School nel 1978.<\/p>\n\n\n\n<p>George Soros \u00e8 stato studente della LSE, dove si \u00e8 laureato, ha preso il Master e alla fine il dottorato in filosofia (Ph.D).<\/p>\n\n\n\n<p>Il fabiano Antony Giddens \u00e8 il teorico della \u201cTerza via\u201d, ispirata alla idee fabiane, politica adottata dal Bill Clinton, Tony Blair e Democratici di Sinistra (oggi Pd).<\/p>\n\n\n\n<p>Un altro fabiano, Mervin King, ha fondato il Group of Thirty (Gruppo dei Trenta o G30), nel quale \u00e8 presente Mario Draghi.<\/p>\n\n\n\n<p>Draghi, peraltro, ha affermato di ispirarsi alle idee di Carlo Rosselli, altro fabiano, dalla cui azione politica sono nati il movimento Giustizia e Libert\u00e0 e poi il Partito D\u2019Azione.<\/p>\n\n\n\n<p>E qui arriviamo ad una tempistica che lascia intravvedere il disegno.<\/p>\n\n\n\n<p>Il 17 febbraio 1992 scatta Mani Pulite, che fa tabula rasa dei vecchi partiti della prima Repubblica e il 2 giugno 1992 sul Britannia si incontrano politici, finanziari, banchieri, con il presidente di Bankitalia Azeglio Ciampi, con il ministro del Bilancio Beniamino Andreatta, con Mario Draghi, direttore generale del Tesoro e con Romano Prodi, presidente dell\u2019Iri.<\/p>\n\n\n\n<p>Dalla riunione nascer\u00e0 la strategia di svendita dei gioielli di famiglia dello Stato, secondo una logica spezzatino che ha privato l\u2019Italia di alcuni asset importanti.<\/p>\n\n\n\n<p>Il Bel Paese, reso inerme da Mani Pulite che ha mandato a casa i vecchi partiti e dalla svendita del patrimonio di famiglia, \u00e8 stato successivamente preso nelle mani di un\u2019alleanza politica stretta dai fabiani Massimo D\u2019Alema e Romano Prodi che, salvo qualche interruzione, subito messa a tacere, ha governato l\u2019Italia sino al 2022.<\/p>\n\n\n\n<p>Il progressismo fabiano \u00e8 stato la linea politica di chi ha governato il Bel Paese per una trentina d\u2019anni.<\/p>\n\n\n\n<p>La svolta politica dovuta alle elezioni del 2022 ha ricollocato l\u2019Italia su un linea che, pur essedo fedelmente atlantista, \u00e8 contraria all\u2019agenda fabiana, la quale, nella sua fase finale, \u00e8 intrisa di wokismo, cancel culture, politiche green, politiche climatiche e via discorrendo e che ha prodotto nel Pd l\u2019attuale situazione di sbandamento.<\/p>\n\n\n\n<p>L\u2019agenda Soros \u00e8 in questa linea e lo \u00e8 anche quella del World Economic Forum di Davos.<\/p>\n\n\n\n<p>Da qui lo stridore rabbioso, il vociare, il continuo ciarlare di fascismo, di dittatura, di privazione delle libert\u00e0 da parte di chi si era abituato a pensare che il potere, sempre ovunque e in ogni caso, appartenesse al progressismo fabiano.<\/p>\n\n\n\n<p>Il vero motivo del vociare non \u00e8 la poltrona di questo o di quello, ma la messa in discussione di un sistema, di una linea politica e di un\u2019ideologia dei lupi travestiti da agnelli.<\/p>\n\n\n\n<p>Il popolo ha aperto gli occhi e ha capito che sotto il vello buonista si nascondeva il lupo del comunismo finanziario e ha posto le basi per un cambiamento di rotta.<\/p>\n\n\n\n<p>La questione \u00e8 questa, non altra ed \u00e8 una questione di grande momento, che non \u00e8 riducibile al piagnisteo di chi deve mollare la poltrona.<\/p>\n\n\n\n<p>La vicenda italiana, inoltre, se guardiamo al vento che spira in Europa, \u00e8 fondamentale anche per una svolta nell\u2019Unione Europea che potrebbe, nel 2024, chiudere il trentennio fabiano.<\/p>\n\n\n\n<p><\/p>\n\n\n\n<p>Fonte: <a href=\"https:\/\/www.nuovogiornalenazionale.com\/index.php\/italia\/politica\/12351-la-rete-fabiana-sullitalia-resa-inerme.html\">https:\/\/www.nuovogiornalenazionale.com\/index.php\/italia\/politica\/12351-la-rete-fabiana-sullitalia-resa-inerme.html<\/a><\/p>\n","protected":false},"excerpt":{"rendered":"<p>Lo stridore rabbioso di certi ambienti del progressismo, in particolare radical chic, per i provvedimenti, a dire il vero timidi e spesso senza discontinuit\u00e0, del governo di centro destra, \u00e8 il segno che l\u2019occupazione del potere, sempre, ovunque e comunque, comincia ad essere messa in discussione da un mutamento dei venti che si avverte non [&hellip;]<\/p>\n","protected":false},"author":1,"featured_media":1718,"comment_status":"open","ping_status":"open","sticky":false,"template":"","format":"standard","meta":{"om_disable_all_campaigns":false,"footnotes":""},"categories":[1],"tags":[],"class_list":["post-1717","post","type-post","status-publish","format-standard","has-post-thumbnail","hentry","category-uncategorized"],"aioseo_notices":[],"_links":{"self":[{"href":"https:\/\/movimento-sociale-eurasia.org\/index.php\/wp-json\/wp\/v2\/posts\/1717","targetHints":{"allow":["GET"]}}],"collection":[{"href":"https:\/\/movimento-sociale-eurasia.org\/index.php\/wp-json\/wp\/v2\/posts"}],"about":[{"href":"https:\/\/movimento-sociale-eurasia.org\/index.php\/wp-json\/wp\/v2\/types\/post"}],"author":[{"embeddable":true,"href":"https:\/\/movimento-sociale-eurasia.org\/index.php\/wp-json\/wp\/v2\/users\/1"}],"replies":[{"embeddable":true,"href":"https:\/\/movimento-sociale-eurasia.org\/index.php\/wp-json\/wp\/v2\/comments?post=1717"}],"version-history":[{"count":1,"href":"https:\/\/movimento-sociale-eurasia.org\/index.php\/wp-json\/wp\/v2\/posts\/1717\/revisions"}],"predecessor-version":[{"id":1719,"href":"https:\/\/movimento-sociale-eurasia.org\/index.php\/wp-json\/wp\/v2\/posts\/1717\/revisions\/1719"}],"wp:featuredmedia":[{"embeddable":true,"href":"https:\/\/movimento-sociale-eurasia.org\/index.php\/wp-json\/wp\/v2\/media\/1718"}],"wp:attachment":[{"href":"https:\/\/movimento-sociale-eurasia.org\/index.php\/wp-json\/wp\/v2\/media?parent=1717"}],"wp:term":[{"taxonomy":"category","embeddable":true,"href":"https:\/\/movimento-sociale-eurasia.org\/index.php\/wp-json\/wp\/v2\/categories?post=1717"},{"taxonomy":"post_tag","embeddable":true,"href":"https:\/\/movimento-sociale-eurasia.org\/index.php\/wp-json\/wp\/v2\/tags?post=1717"}],"curies":[{"name":"wp","href":"https:\/\/api.w.org\/{rel}","templated":true}]}}