{"id":1526,"date":"2022-12-03T14:15:11","date_gmt":"2022-12-03T14:15:11","guid":{"rendered":"https:\/\/movimento-sociale-eurasia.org\/?p=1526"},"modified":"2022-12-03T14:16:49","modified_gmt":"2022-12-03T14:16:49","slug":"la-sete-di-energia-e-il-controcanto-dellinutile","status":"publish","type":"post","link":"https:\/\/movimento-sociale-eurasia.org\/index.php\/2022\/12\/03\/la-sete-di-energia-e-il-controcanto-dellinutile\/","title":{"rendered":"La sete di Energia e il Controcanto dell&#8217;Inutile"},"content":{"rendered":"\n<p>Due anni fa ero in servizio attivo presso un\u2019importante industria ferroviaria e sapevo che in Germania erano stati testati treni a trazione idrogeno. In Italia? Siamo anni luce lontani dallo sperimentare concretamente fonti di energia alternative. Quello che facciamo lo leghiamo ad interessi particolari sospesi tra l\u2019inutile canto del cigno morente e il mostrare buona volont\u00e0.<\/p>\n\n\n\n<p>Gi\u00e0 da questo momento abbiamo concretamente la possibilit\u00e0, vista la nostra posizione geografica, di installare pannelli solari ovunque, anche a mare dove la potenzialit\u00e0 \u00e8 reale e senza vincoli particolari. L\u2019energia eolica \u00e8 ancora sottovalutata, mentre si caldeggia la capacit\u00e0 di fonti di energia nucleare ancora portatrice di pericoli e di inquinamento, oltre che di smaltimento di scorie radioattive in un paese, o nazione se si preferisce, che non riesce a liberarsi dal peso dello smaltimento dei semplici rifiuti urbani.<\/p>\n\n\n\n<p>Il costo del gas fornito dagli Usa si dimostra argomento vessatorio da parte di chi professa a parole di essere un fedele alleato dell\u2019Europa. Ho idea che un\u2019Europa debole economicamente e militarmente possa far comodo alla superpotenza yankee che teme l\u2019evolversi dell\u2019Europa in Stati Uniti d\u2019Europa, per ragioni facili da dimostrare.<\/p>\n\n\n\n<p>Siamo davanti a un bivio forte dove il concetto identitario di cultura e di tradizione \u00e8 fortemente osteggiato dai servi inutili della glebe politica.<\/p>\n\n\n\n<p><\/p>\n\n\n\n<p>Di Antimo Ceparano<\/p>\n\n\n\n<p><\/p>\n\n\n\n<p><\/p>\n\n\n\n<p><strong>Fonte:<\/strong> FEAV \u2013 MAGAZINE DELLA FEDERAZIONE EUROPEA AUTONOMA DEL VOLONTARIATO TERZO SETTORE<\/p>\n","protected":false},"excerpt":{"rendered":"<p>Due anni fa ero in servizio attivo presso un\u2019importante industria ferroviaria e sapevo che in Germania erano stati testati treni a trazione idrogeno. In Italia? Siamo anni luce lontani dallo sperimentare concretamente fonti di energia alternative. Quello che facciamo lo leghiamo ad interessi particolari sospesi tra l\u2019inutile canto del cigno morente e il mostrare buona [&hellip;]<\/p>\n","protected":false},"author":1,"featured_media":1528,"comment_status":"open","ping_status":"open","sticky":false,"template":"","format":"standard","meta":{"om_disable_all_campaigns":false,"footnotes":""},"categories":[15],"tags":[],"class_list":["post-1526","post","type-post","status-publish","format-standard","has-post-thumbnail","hentry","category-articoli"],"aioseo_notices":[],"_links":{"self":[{"href":"https:\/\/movimento-sociale-eurasia.org\/index.php\/wp-json\/wp\/v2\/posts\/1526","targetHints":{"allow":["GET"]}}],"collection":[{"href":"https:\/\/movimento-sociale-eurasia.org\/index.php\/wp-json\/wp\/v2\/posts"}],"about":[{"href":"https:\/\/movimento-sociale-eurasia.org\/index.php\/wp-json\/wp\/v2\/types\/post"}],"author":[{"embeddable":true,"href":"https:\/\/movimento-sociale-eurasia.org\/index.php\/wp-json\/wp\/v2\/users\/1"}],"replies":[{"embeddable":true,"href":"https:\/\/movimento-sociale-eurasia.org\/index.php\/wp-json\/wp\/v2\/comments?post=1526"}],"version-history":[{"count":1,"href":"https:\/\/movimento-sociale-eurasia.org\/index.php\/wp-json\/wp\/v2\/posts\/1526\/revisions"}],"predecessor-version":[{"id":1527,"href":"https:\/\/movimento-sociale-eurasia.org\/index.php\/wp-json\/wp\/v2\/posts\/1526\/revisions\/1527"}],"wp:featuredmedia":[{"embeddable":true,"href":"https:\/\/movimento-sociale-eurasia.org\/index.php\/wp-json\/wp\/v2\/media\/1528"}],"wp:attachment":[{"href":"https:\/\/movimento-sociale-eurasia.org\/index.php\/wp-json\/wp\/v2\/media?parent=1526"}],"wp:term":[{"taxonomy":"category","embeddable":true,"href":"https:\/\/movimento-sociale-eurasia.org\/index.php\/wp-json\/wp\/v2\/categories?post=1526"},{"taxonomy":"post_tag","embeddable":true,"href":"https:\/\/movimento-sociale-eurasia.org\/index.php\/wp-json\/wp\/v2\/tags?post=1526"}],"curies":[{"name":"wp","href":"https:\/\/api.w.org\/{rel}","templated":true}]}}