{"id":1477,"date":"2022-11-17T18:26:19","date_gmt":"2022-11-17T18:26:19","guid":{"rendered":"https:\/\/movimento-sociale-eurasia.org\/?p=1477"},"modified":"2022-11-17T19:11:12","modified_gmt":"2022-11-17T19:11:12","slug":"fondo-per-le-attivita-di-interesse-generale","status":"publish","type":"post","link":"https:\/\/movimento-sociale-eurasia.org\/index.php\/2022\/11\/17\/fondo-per-le-attivita-di-interesse-generale\/","title":{"rendered":"FONDO PER LE ATTIVIT\u00c0 DI INTERESSE GENERALE"},"content":{"rendered":"\n<p>20 milioni di euro per il fondo attivit\u00e0 di interesse generale: il tempo \u00e8 fino al prossimo 20 ottobre 2022 per la presentazione della domanda per il finanziamento delle attivit\u00e0 di interesse generale previsto dall\u2019art. 72 del codice del Terzo Settore. L\u2019avviso va a sostenere le attivit\u00e0 di interesse generale attraverso il Fondo ed \u00e8 finalizzato, informa il Ministero, alla crescita della capacity building delle reti associative.<\/p>\n\n\n\n<p>Le richieste di partecipazione all\u2019avviso 3\/22 del Ministero del Lavoro e delle politiche sociali devono essere presentate entro il 20 ottobre. Possono partecipare le reti associative, le organizzazioni di volontariato ODV, le associazioni di promozioni sociali APS e le fondazioni aderenti alle medesime reti.<\/p>\n\n\n\n<p>Siamo ancora in fase di transizione che \u00e8 dettata dalla migrazione degli Enti al registro unico nazionale del Terzo Settore: per tal motivo potranno partecipare al bando degli enti inclusi nell\u2019elenco del Ministro del Lavoro che possono operare, in via transitoria, in qualit\u00e0 di reti associative e quelle presenti all\u2019interno del consiglio nazionale del terzo settore.<\/p>\n\n\n\n<p>I contributi verranno erogati per coprire una quota delle spese che sono previste come attivit\u00e0 statutarie.<br>Tra le spese che possono essere finanziate ci sono le attivit\u00e0 di tutela, rappresentanza, promozione e supporto delle ODV, APS, fondazioni enti; il monitoraggio delle attivit\u00e0 anche circa l\u2019impatto sociale, come previsto e disciplinato dal DM 85 del 23 luglio 2019, la promozione e lo sviluppo delle attivit\u00e0 di controllo, anche in forma di autocontrollo ed<br>assistenza tecnica.<\/p>\n\n\n\n<p><\/p>\n\n\n\n<p class=\"has-text-align-center\"><strong>FONDO PER LE ATTIVIT\u00c0<br>DI INTERESSE GENERALE<\/strong><\/p>\n\n\n\n<p class=\"has-text-align-center\"><strong>A CURA DE L L \u2018 AVV. CAR LOT TA TOSCHI<br>1 6 | F EAV \u2022 NOVEMB R E 2022<br>1 7 | F EAV \u2022 NOVEMB R E 2022<\/strong><\/p>\n\n\n\n<p><\/p>\n\n\n\n<p>Le attivit\u00e0 che potranno essere finanziate sono quelle che ricadono nell\u2019arco temporale tra il 23 agosto 2022 ed il 31 dicembre 2023. Per partecipare alla domanda di ammissione al contributo, \u00e8 prevista una modulistica specifica, da reperire direttamente sul sito istituzionale del Ministero del Lavoro e delle Politiche Sociali, al seguente indirizzo:<\/p>\n\n\n\n<p><\/p>\n\n\n\n<p><a href=\"https:\/\/www.lavoro.gov.it\/:\">https:\/\/www.lavoro.gov.it\/:<\/a><\/p>\n\n\n\n<p>Modello A (Domanda di ammissione al contributo);<br>Modello B (Dichiarazioni sostitutive ex artt. 46 e 47 del D.P.R. n. 445\/2000);<br>Modello C (Programma di attivit\u00e0);<br>Modello D (Scheda anagrafica dell\u2019ente richiedente).<\/p>\n\n\n\n<p><\/p>\n\n\n\n<p>La modulistica dovr\u00e0 essere inviata assieme alla documentazione richiesta, entro il 20 ottobre 2022 alle ore 18 all\u2019indirizzo di posta certificata indicato. Ovviamente, si dovr\u00e0 produrre anche la copia dell\u2019ultimo bilancio consuntivo approvato oppure indicare che il bilancio stesso \u00e8 pubblicato su internet. Il soggetto richiedente deve riportare<br>nell\u2019oggetto della PEC la dicitura: \u201cAvviso n.3\/2022- art. 72 d.lgs. 117\/2017 \u2013 riservato-non aprire\u201d. La documentazione deve essere trasmessa in formato PDF, WORD ed EXCEL, in file zip. La validit\u00e0 della trasmissione \u2013 ricezione del messaggio \u00e8 attestata dalla ricevuta di accettazione e dalla ricevuta di avvenuta consegna fornite dal gestore di posta<br>elettronica, ai sensi dell\u2019art. 6 del D.P.R. n. 68\/2005.<\/p>\n\n\n\n<p>Le attivit\u00e0 che potranno essere finanziate sono quelle che ricadono nell\u2019arco temporale tra il 23 agosto 2022 ed il 31 dicembre 2023. Per partecipare alla domanda di ammissione al contributo, \u00e8 prevista una modulistica specifica, da reperire direttamente sul sito istituzionale del Ministero del Lavoro e delle Politiche Sociali, al seguente indirizzo:<\/p>\n\n\n\n<p>https:\/\/www.lavoro.gov.it\/:<br>Modello A (Domanda di ammissione al contributo);<br>Modello B (Dichiarazioni sostitutive ex artt. 46 e 47 del D.P.R. n. 445\/2000);<br>Modello C (Programma di attivit\u00e0);<br>Modello D (Scheda anagrafica dell\u2019ente richiedente)<\/p>\n\n\n\n<p><\/p>\n\n\n\n<p><\/p>\n\n\n\n<p><strong>Fonte:<\/strong> FEAV &#8211; MAGAZINE DELLA FEDERAZIONE EUROPEA AUTONOMA DEL VOLONTARIATO TERZO SETTORE<\/p>\n\n\n\n<p>E-Mail:  redazionefeav@gmail.com<\/p>\n","protected":false},"excerpt":{"rendered":"<p>20 milioni di euro per il fondo attivit\u00e0 di interesse generale: il tempo \u00e8 fino al prossimo 20 ottobre 2022 per la presentazione della domanda per il finanziamento delle attivit\u00e0 di interesse generale previsto dall\u2019art. 72 del codice del Terzo Settore. L\u2019avviso va a sostenere le attivit\u00e0 di interesse generale attraverso il Fondo ed \u00e8 [&hellip;]<\/p>\n","protected":false},"author":4,"featured_media":1478,"comment_status":"open","ping_status":"open","sticky":false,"template":"","format":"standard","meta":{"om_disable_all_campaigns":false,"footnotes":""},"categories":[15,17],"tags":[],"class_list":["post-1477","post","type-post","status-publish","format-standard","has-post-thumbnail","hentry","category-articoli","category-eventi"],"aioseo_notices":[],"_links":{"self":[{"href":"https:\/\/movimento-sociale-eurasia.org\/index.php\/wp-json\/wp\/v2\/posts\/1477","targetHints":{"allow":["GET"]}}],"collection":[{"href":"https:\/\/movimento-sociale-eurasia.org\/index.php\/wp-json\/wp\/v2\/posts"}],"about":[{"href":"https:\/\/movimento-sociale-eurasia.org\/index.php\/wp-json\/wp\/v2\/types\/post"}],"author":[{"embeddable":true,"href":"https:\/\/movimento-sociale-eurasia.org\/index.php\/wp-json\/wp\/v2\/users\/4"}],"replies":[{"embeddable":true,"href":"https:\/\/movimento-sociale-eurasia.org\/index.php\/wp-json\/wp\/v2\/comments?post=1477"}],"version-history":[{"count":4,"href":"https:\/\/movimento-sociale-eurasia.org\/index.php\/wp-json\/wp\/v2\/posts\/1477\/revisions"}],"predecessor-version":[{"id":1487,"href":"https:\/\/movimento-sociale-eurasia.org\/index.php\/wp-json\/wp\/v2\/posts\/1477\/revisions\/1487"}],"wp:featuredmedia":[{"embeddable":true,"href":"https:\/\/movimento-sociale-eurasia.org\/index.php\/wp-json\/wp\/v2\/media\/1478"}],"wp:attachment":[{"href":"https:\/\/movimento-sociale-eurasia.org\/index.php\/wp-json\/wp\/v2\/media?parent=1477"}],"wp:term":[{"taxonomy":"category","embeddable":true,"href":"https:\/\/movimento-sociale-eurasia.org\/index.php\/wp-json\/wp\/v2\/categories?post=1477"},{"taxonomy":"post_tag","embeddable":true,"href":"https:\/\/movimento-sociale-eurasia.org\/index.php\/wp-json\/wp\/v2\/tags?post=1477"}],"curies":[{"name":"wp","href":"https:\/\/api.w.org\/{rel}","templated":true}]}}