{"id":1462,"date":"2022-11-14T21:28:57","date_gmt":"2022-11-14T21:28:57","guid":{"rendered":"https:\/\/movimento-sociale-eurasia.org\/?p=1462"},"modified":"2022-11-14T21:51:43","modified_gmt":"2022-11-14T21:51:43","slug":"intervista-di-radio-radicale-a-mirko-de-carli-sui-temi-che-vanno-dallattualita-politica-al-film-romanzo-radicale-a-cura-di-enrica-izzo","status":"publish","type":"post","link":"https:\/\/movimento-sociale-eurasia.org\/index.php\/2022\/11\/14\/intervista-di-radio-radicale-a-mirko-de-carli-sui-temi-che-vanno-dallattualita-politica-al-film-romanzo-radicale-a-cura-di-enrica-izzo\/","title":{"rendered":"Intervista di Radio Radicale a Mirko De Carli sui temi che vanno dall&#8217;attualit\u00e0 politica al film &#8220;Romanzo radicale&#8221; &#8211; A cura di\u00a0Enrica Izzo"},"content":{"rendered":"\n<p><strong>Enrica Izzo:<\/strong> Radio radicale siamo in collegamento con Mirko De Carli, consigliere comunale e consigliere ANCI del Popolo della Famiglia. Mirko buongiorno e benvenuto.<\/p>\n\n\n\n<p><strong>Mirko De Carli:<\/strong> Buongiorno a voi e bentrovati, \u00e8 sempre un piacere.<\/p>\n\n\n\n<p><strong>Enrica Izzo:<\/strong> Allora noi non ci sentiamo da qualche settimana c&#8217;\u00e8 un nuovo Governo presieduto da Giorgia Meloni. Come viene detto, un po&#8217; giornalisticamente, \u00e8 un governo di destra-centro, a volte viene descritto anche come di destra-destra e ci sono gi\u00e0 dei primi provvedimenti. C&#8217;\u00e8 la prima crisi con un Paese estero per quanto riguarda la politica di accoglienza e quindi alla crisi dicevo con la Francia, insomma qual \u00e8 il tuo giudizio su questi primi passi di questo Governo.<\/p>\n\n\n\n<p><strong>Mirko De Carli:<\/strong> Un Governo, guarda, mi verrebbe da dire, come ho detto in due occasioni, di destra e anche orgogliosamente per chi ne fa parte, io lo guardo da osservatore e da parte politica che si \u00e8 candidato all&#8217;opposizione, di questa maggioranza, naturalmente aperto a segnali positivi che possano arrivare dall&#8217;azione di governo che \u00e8 indubbiamente un Governo orgogliosamente di Destra in merito alle questioni principali di politica estera e politica economica, sulla scia di quella che era la linea del Governo Draghi. Non a caso l&#8217;abbiamo ripetuto in pi\u00f9 occasioni, noi del Popolo della Famiglia, che sembra quasi che ci sia stato un passaggio di consegne, prima ancora della campagna elettorale stessa, tra Meloni e Draghi, rispetto a temi cruciali, per cui se guardiamo alla guerra in Ucraina e rispetto alla politica economica, \u00e8 un Governo che sulla scia di quello che ha fatto l&#8217;ultimo Governo uscente.<\/p>\n\n\n<div class=\"wp-block-image\">\n<figure class=\"alignright size-full\"><img loading=\"lazy\" decoding=\"async\" width=\"512\" height=\"512\" src=\"https:\/\/movimento-sociale-eurasia.org\/wp-content\/uploads\/2022\/11\/Radio-Radicale-Logo.png\" alt=\"\" class=\"wp-image-1463\" srcset=\"https:\/\/movimento-sociale-eurasia.org\/wp-content\/uploads\/2022\/11\/Radio-Radicale-Logo.png 512w, https:\/\/movimento-sociale-eurasia.org\/wp-content\/uploads\/2022\/11\/Radio-Radicale-Logo-300x300.png 300w, https:\/\/movimento-sociale-eurasia.org\/wp-content\/uploads\/2022\/11\/Radio-Radicale-Logo-150x150.png 150w, https:\/\/movimento-sociale-eurasia.org\/wp-content\/uploads\/2022\/11\/Radio-Radicale-Logo-420x420.png 420w\" sizes=\"auto, (max-width: 512px) 100vw, 512px\" \/><\/figure><\/div>\n\n\n<p><strong>Enrica Izzo:<\/strong> Beh per quanto riguarda la guerra in Ucraina, Fratelli d&#8217;Italia vot\u00f2 tranquillamente a favore dell&#8217;invio di armi.<\/p>\n\n\n\n<p><strong>Mirko De Carli: <\/strong>Gi\u00e0, \u00e8 quello che ha sempre detto, ma non a caso, ripeto, \u00e8 un Governo che ha tenuto una linea coerente con quanto dichiarato precedentemente. In merito alla politica nazionale si sta muovendo un po&#8217;, mi vien da dire, sulla scia dello stile del governo polacco, che sono gli alleati ormai storici di Fratelli d&#8217;Italia al Parlamento Europeo. Se guardiamo quello che fanno in Polonia sono fortemente atlantisti. Fortemente ancorati ad un rapporto sui temi dell&#8217;economia, ben saldo con i palazzi del potere di Bruxelles e poi a livello nazionale per esempio, la Polonia ha dibattiti aperti sul tema dei diritti civili, tipo l&#8217;aborto e altre questioni in Italia sul tema dei migranti, cio\u00e8 quei temi identitari tipici della destra nazionale su cui Giorgia Meloni sta consolidando quella luna di miele che \u00e8 partita con l&#8217;arrivo al governo. Personalmente, siamo alla finestra, per ora solo annunci, diciamo che di concreto non c&#8217;\u00e8 tantissimo, su alcune cose guardiamo con favore per esempio sui migranti c&#8217;\u00e8 stato un cambio di linea. Sicuramente va guardato con attenzione per\u00f2 ripeto dobbiamo vedere poi quando arrivano le misure, quelle concrete se si riuscir\u00e0 realmente a fare un cambio di passo; Per ora mi sembrano pi\u00f9 annunci che sostanza, vedremo quello che succeder\u00e0.<\/p>\n\n\n\n<p><strong>Enrica Izzo:<\/strong> Senti, intanto in campo economico e del welfare c&#8217;\u00e8 stato questo aumento per i pensionati.<\/p>\n\n\n\n<p><strong>Mirko De Carli:<\/strong> S\u00ec questo c&#8217;\u00e8 stato. Un aumento per i pensionati, per gli insegnanti e per il personale scolastico, con il rinnovo del contratto e l&#8217;adeguamento del contratto, che era una questione molto attesa, su cui i sindacati hanno applaudito il Governo. Anche qui, ripeto, ci sono piccoli segnali che vanno nella direzione giusta, anche se non dobbiamo dimenticarci che queste scelte erano gi\u00e0 state impostate dal precedente Ministro Brunetta, il quale aveva gi\u00e0 impostato con il Governo Draghi questo lavoro, quindi va diciamo a continuare un lavoro gi\u00e0 pianificato. Sono certamente segnali buoni, e giusti, che vanno nella direzione corretta anche per un dialogo tra forze sindacali e Governo, che questo Paese ha bisogno di mantenere attivo e di mantenere permanente. Per\u00f2 ripeto questo Paese \u00e8 un Paese che ha dei gravi problemi strutturali, a livello di tenuta sociale ed imprenditoriale, rispetto alle gravi emergenze economiche ed energetiche internazionali. Una parola di di rottura e di cambio di passo questo Governo dovr\u00e0 inevitabilmente darla, quando la dar\u00e0 lo misureremo su quello perch\u00e9 per ora diciamo sono questioni giuste, ma che non impattano in maniera incisiva nella carne viva del Paese. Tante aziende stanno chiudendo tanti posti di lavoro si stanno perdendo l&#8217;inflazione \u00e8 ancora altissima. Su questo il governo dovr\u00e0 fare interventi pi\u00f9 forti.<\/p>\n\n\n\n<p><strong>Enrica Izzo:<\/strong> Che vuol dire una parola di rottura? E quale rottura auspica il Popolo della famiglia allora?<\/p>\n\n\n\n<p><strong>Mirko De Carli:<\/strong> A questo punto, inevitabilmente, le politiche draconiane non hanno premiato e non hanno pagato. Per quanto riguarda i dati economici strutturali del Paese, abbiamo un&#8217;inflazione altissima, abbiamo una disoccupazione che purtroppo, soprattutto nel settore giovanile del mezzogiorno d&#8217;Italia risulta essere sempre pi\u00f9 drammatica. Abbiamo un impoverimento delle famiglie costante, basta vedere i dati Istat e una disgregazione anche sociale, delle famiglie stesse. Occorrono misure importanti di riduzione del carico fiscale sul lavoro, con il quoziente familiare di intervento sul tema della natalit\u00e0. Non basta che con Eugenia Roccella abbia la dicitura ministro della natalit\u00e0 per poter affrontare un problema drammatico ed economicamente impattante come questo. Su queste misura bisogna fare delle scelte di campo che ora il Governo ancora non ha nemmeno annunciato. E sicuramente di rottura, che potrebbero creare frizioni anche all&#8217;interno della maggioranza stessa. Aspettiamo al varco, sono i temi che ci stanno pi\u00f9 a cuore e oggettivamente occorrono non solo annunci, ma misure concrete su cui metterci i soldi. Dove li andranno a trovare e come li metteranno. Sar\u00e0 uno dei grandi temi del rapporto con l&#8217;Europa, con i sindacati, con Confindustria e con il comparto produttivo del Paese.<\/p>\n\n\n\n<p><strong>Enrica Izzo:<\/strong> Va bene, sicuramente ne torneremo a parlare. Naturalmente gli argomenti sono tanti, naturalmente tutti stanno aspettando adesso. Al di l\u00e0 delle polemiche puntuali su ogni provvedimento, soprattutto delle questioni sollevate dall&#8217;opposizione e quindi sicuramente riprenderemo il discorso. Poi fra poco arriver\u00e0 la legge di bilancio, quindi secondo me \u00e8 corretto lasciarli fare \u00e8 una delle frasi con cui Giorgia Meloni ha aperto il suo mandato governativo, cio\u00e8 lasciamoli fare, diamogli quel tempo necessario per preparare delle misure figlie di quella che \u00e8 la loro visione di Paese, che vogliono mettere in campo e poi misuriamo sul campo. \u00c8 chiaro che, come abbiamo detto, almeno nel nostro piccolo del Popolo della Famiglia, cercheremo di essere una sentinella, sui temi che caratterizzano la nostra militanza politica, da sempre attiva e non certamente supina o diciamo prona, semplicemente perch\u00e9 c&#8217;\u00e8 una forza politica al Governo che su certi temi ha una sensibilit\u00e0 pi\u00f9 vicina alla nostra. Li misureremo sulle cose concrete, come abbiamo fatto con Draghi e faremo altrettanto con la Meloni, sperando di trovare risposte positive.<\/p>\n\n\n\n<p><strong>Enrica Izzo:<\/strong> Va bene, senti, scusa, mi dicevi che ti sei guardato Romanzo Radicale, il film che non \u00e8 andato in onda ieri sera sulla Rai, in cui si ripercorrono alcune tappe della vita di Marco Pannella.<\/p>\n\n\n\n<p><strong>Mirko De Carli:<\/strong> Quindi, io sono un nottambulo per certi versi, dunque la notte \u00e8 occasione di studio e di approfondimento. Dopo una serata delle solite, in giro per per cene politiche con amici, mi sono guardato su RAI Play appunto Romanzo Radicale, come ho detto pi\u00f9 volte, per me \u00e8 un onore essere ospite di Radio Radicale, perch\u00e9 pur avendo un impianto ideale alternativo ho sempre ritenuto straordinariamente interessante approfondire una storia popolare autenticamente come quella di Marco Pannella e dei radicali con i quali ci si misura, ci si confronta e nel confronto tra diversi si cresce e ci si arricchisce sempre sempre di pi\u00f9. Per quanto mi riguarda Romanzo Radicale mi \u00e8 piaciuto per quello che ho potuto vedere come documentario. Ci sono alcuni passaggi davvero molto interessanti e affascinanti, soprattutto sul temperamento, perch\u00e9 molte volte \u00e8 pi\u00f9 bello conoscere l&#8217;uomo prima ancora che il personaggio pubblico. E voglio dire che ho riconosciuto un passaggio che mi ha colpito, perch\u00e9 mi colpisce vedere che ha un temperamento molto simile al mio, nel mio piccolissimo. Naturalmente il fatto che era un uomo capace di improvvisare dalla sera alla mattina senza delle regole precise, dal decidere alle sei della mattina di prendere e andare a Giulianova, la sua terra natia e andarsi a fare un bagno o il giorno dopo andare a Pisa dagli amici radicali di Pisa. Ecco quello spirito \u00e8 un po&#8217; quello che ha fatto nascere il Popolo della Famiglia, tirare su una comunit\u00e0 controcorrente, con le nostre fatiche, con i nostri danari, con il nostra impegno, con la nostra passione. Ci metto pure la fede, perch\u00e9 non me ne vergogno di dirlo e credo che anche se si \u00e8 diversi, me lo diceva sempre Luigi Amicone che con Marco ha fatto tante battaglie sul tema delle carceri e sul tema dell&#8217;amnistia, che si possono trovare punti di incontro straordinariamente incredibili e ci pu\u00f2 essere un fascino reciproco, che \u00e8 sicuramente quello che provo, rispetto alla vostra storia e alla storia di Marco Pannella, che ogni volta ci d\u00e0 spunti interessanti.<\/p>\n\n\n\n<p><strong>Enrica Izzo:<\/strong> E allora ricordiamo Romanzo Radicale, il film di Mimmo Calopresti. Allora Mirko noi ci risentiremo presto e torneremo a commentare l&#8217;attualit\u00e0 politica del momento. Non mi rimane che ringraziarti! Ringraziamo Mirko De Carli e ricordiamo al pubblico a casa che \u00e8 consigliere comunale e consigliere nazionale ANCI del Popolo della Famiglia.<\/p>\n\n\n\n<p><strong>Mirko De Carli:<\/strong> Grazie a voi e grazie a te! Buona giornata a tutti.<\/p>\n\n\n\n<p><\/p>\n\n\n\n<p><\/p>\n\n\n\n<p><strong>Fonte:<\/strong> Radio Radicale, <a href=\"https:\/\/www.radioradicale.it\/scheda\/682971\/intervista-a-mirko-de-carli-sui-temi-che-vanno-dallattualita-politica-al-film-romanzo\">un&#8217;intervista<\/a> a cura di Enrica Izzo <\/p>\n","protected":false},"excerpt":{"rendered":"<p>Enrica Izzo: Radio radicale siamo in collegamento con Mirko De Carli, consigliere comunale e consigliere ANCI del Popolo della Famiglia. Mirko buongiorno e benvenuto. Mirko De Carli: Buongiorno a voi e bentrovati, \u00e8 sempre un piacere. Enrica Izzo: Allora noi non ci sentiamo da qualche settimana c&#8217;\u00e8 un nuovo Governo presieduto da Giorgia Meloni. Come [&hellip;]<\/p>\n","protected":false},"author":1,"featured_media":1464,"comment_status":"open","ping_status":"open","sticky":false,"template":"","format":"standard","meta":{"om_disable_all_campaigns":false,"footnotes":""},"categories":[15,20],"tags":[152,150,151,76],"class_list":["post-1462","post","type-post","status-publish","format-standard","has-post-thumbnail","hentry","category-articoli","category-attualita-politica","tag-fratelli-ditalia","tag-giorgia-meloni","tag-il-popolo-della-famiglia","tag-mirko-de-carli"],"aioseo_notices":[],"_links":{"self":[{"href":"https:\/\/movimento-sociale-eurasia.org\/index.php\/wp-json\/wp\/v2\/posts\/1462","targetHints":{"allow":["GET"]}}],"collection":[{"href":"https:\/\/movimento-sociale-eurasia.org\/index.php\/wp-json\/wp\/v2\/posts"}],"about":[{"href":"https:\/\/movimento-sociale-eurasia.org\/index.php\/wp-json\/wp\/v2\/types\/post"}],"author":[{"embeddable":true,"href":"https:\/\/movimento-sociale-eurasia.org\/index.php\/wp-json\/wp\/v2\/users\/1"}],"replies":[{"embeddable":true,"href":"https:\/\/movimento-sociale-eurasia.org\/index.php\/wp-json\/wp\/v2\/comments?post=1462"}],"version-history":[{"count":5,"href":"https:\/\/movimento-sociale-eurasia.org\/index.php\/wp-json\/wp\/v2\/posts\/1462\/revisions"}],"predecessor-version":[{"id":1473,"href":"https:\/\/movimento-sociale-eurasia.org\/index.php\/wp-json\/wp\/v2\/posts\/1462\/revisions\/1473"}],"wp:featuredmedia":[{"embeddable":true,"href":"https:\/\/movimento-sociale-eurasia.org\/index.php\/wp-json\/wp\/v2\/media\/1464"}],"wp:attachment":[{"href":"https:\/\/movimento-sociale-eurasia.org\/index.php\/wp-json\/wp\/v2\/media?parent=1462"}],"wp:term":[{"taxonomy":"category","embeddable":true,"href":"https:\/\/movimento-sociale-eurasia.org\/index.php\/wp-json\/wp\/v2\/categories?post=1462"},{"taxonomy":"post_tag","embeddable":true,"href":"https:\/\/movimento-sociale-eurasia.org\/index.php\/wp-json\/wp\/v2\/tags?post=1462"}],"curies":[{"name":"wp","href":"https:\/\/api.w.org\/{rel}","templated":true}]}}