{"id":1458,"date":"2022-11-13T11:49:13","date_gmt":"2022-11-13T11:49:13","guid":{"rendered":"https:\/\/movimento-sociale-eurasia.org\/?p=1458"},"modified":"2022-11-13T11:49:13","modified_gmt":"2022-11-13T11:49:13","slug":"la-benedizione-pidieffina","status":"publish","type":"post","link":"https:\/\/movimento-sociale-eurasia.org\/index.php\/2022\/11\/13\/la-benedizione-pidieffina\/","title":{"rendered":"La Benedizione PIDIEFFINA"},"content":{"rendered":"\n<p>Non c&#8217;\u00e8 confronto in cui non ci venga chiesto quale sia la missione attuale del Popolo della Famiglia: sembra (ripeto, sembra) che la nascita del Governo Meloni abbia decretato la fine del movimentismo nato dalle ultime due grandi piazze &#8220;per la vita e per la famiglia&#8221;. La frase tipo che ti rifilano come risposta preconfenzionata \u00e8 sempre la stessa: ci pensa Giorgia. Povero Presidente del Consiglio: una croce cos\u00ec grande e nemmeno un Simone di Cirene? S\u00ec ve lo ricordate, almeno per sbaglio per averne sentito passare il nome in una domenica d&#8217;infanzia? Colui che aiut\u00f2 Ges\u00f9 a portare la croce durante il cammino prima di salire sul Golgotha.<\/p>\n\n\n\n<p>\u201cNoi non facciamo i politici, i deputati, i leader. Lottiamo, per quel che dobbiamo e per quel che crediamo. E questa \u00e8 la differenza che prima o poi, speriamo non troppo tardi, si dovr\u00e0 comprendere&#8221; ripeteva Marco Pannella che con questa robusta consapevolezza ha disintegrato l&#8217;architettura del diritto di famiglia italiano e dei diritti civili nella seconda met\u00e0 del Novecento. Pensare che lo stesso leader radicale fu sistematicamente osteggiato dal partito comunista che per primo faceva sue le battaglie che lui lanciava dalla strada e della piazza d&#8217;Italia: &#8220;ci pensiamo noi&#8221; ripetevano i comunisti, niente seggio parlamentare e niente spazi televisivi per questi eversivi radicali. Poi Pannella, con pochi dei suoi, entr\u00f2 in Parlamento e il PCI non port\u00f2 all&#8217;oblio il Partito Radicale Italiano ma si trasform\u00f2 gradualmente nel contemporaneo &#8220;partito radicale di massa&#8221;.<\/p>\n\n\n\n<p>Chi ha vinto dunque? Pannella o Berlinguer? Giacinto per ko. Fu lui il cosiddetto Simone di Cirene che, dopo la fine tragica della stagione della solidariet\u00e0 nazionale con la morte di Aldo Moro, accompagn\u00f2 la sinistra a ritrovare un ruolo storico che sembrava ormai perduto. Oggi, con la nascita del primo governo di destra (altro che destra-centro) italiano le tante donne e uomini con cui abbiamo calpestato insieme il Circo Massimo e Piazza San Giovanni per gridare il nostro no alla deriva dei falsi miti di progresso e un s\u00ec convinto al diritto universale alla vita hanno deposto gli striscioni, gli scarponcini e gli zainetti. Perch\u00e9? Perch\u00e9 &#8220;ci pensa Giorgia&#8221;.<\/p>\n\n\n\n<p>Il vizietto, tutto italico peraltro, di rifugiarsi nella personalizzazione (talvolta estrema) della politica ha solo creato mostri dai danni incalcolabili: solo i movimenti che vivono e si nutrono come comunit\u00e0 costituiti da manipoli di donne e uomini e non le masse indiscriminate sono la &#8220;spina dorsale&#8221; in grado di reggere quelle rivoluzioni all&#8217;insegna del &#8220;tornare indietro (sui diritti civili) per andare avanti&#8221; che il paese da troppo tempo attende.<\/p>\n\n\n\n<p>Se Giorgia avr\u00e0 il coraggio di bandire il gender nelle scuole, di riconoscere il diritto universale a nascere in Costituzione e di legiferare a favore delle mamme d&#8217;Italia che non vedono ancora confermato il valore pubblico del loro ruolo eroico svolto nella societ\u00e0 italiana non sar\u00e0 di certo per via del crescere esponenziale dei nuovi adepti di partito (magari figlie o figli di &#8220;cambi di casacca&#8221; che odorano di bieco opportunismo) ma per la forza del nostro pensare ed agire da dissidenti del cosidetto &#8220;pensiero unico&#8221;. La &#8220;benedizione&#8221; pidieffina sono dunque gli zero virgola elettorali, i dirigenti e militanti che ci lasciano per saltare sul carro dei vincitori e i limiti organizzativi figli di una militanza spontanea e non ideoligizzata: ci\u00f2 che per gli altri appare come un fallimento per noi \u00e8 una vera e propria benedizione.<\/p>\n\n\n\n<p>D&#8217;altronde siamo maledettamente cristiani e il paradigma della croce, sconfitta per il mondo e vittoria per i seguaci del Nazareno, ci avvolge ancora oggi: a noi la scelta, viverlo o subirlo.<\/p>\n","protected":false},"excerpt":{"rendered":"<p>Non c&#8217;\u00e8 confronto in cui non ci venga chiesto quale sia la missione attuale del Popolo della Famiglia: sembra (ripeto, sembra) che la nascita del Governo Meloni abbia decretato la fine del movimentismo nato dalle ultime due grandi piazze &#8220;per la vita e per la famiglia&#8221;. La frase tipo che ti rifilano come risposta preconfenzionata [&hellip;]<\/p>\n","protected":false},"author":3,"featured_media":1459,"comment_status":"open","ping_status":"open","sticky":false,"template":"","format":"standard","meta":{"om_disable_all_campaigns":false,"footnotes":""},"categories":[15,20],"tags":[150,151,76],"class_list":["post-1458","post","type-post","status-publish","format-standard","has-post-thumbnail","hentry","category-articoli","category-attualita-politica","tag-giorgia-meloni","tag-il-popolo-della-famiglia","tag-mirko-de-carli"],"aioseo_notices":[],"_links":{"self":[{"href":"https:\/\/movimento-sociale-eurasia.org\/index.php\/wp-json\/wp\/v2\/posts\/1458","targetHints":{"allow":["GET"]}}],"collection":[{"href":"https:\/\/movimento-sociale-eurasia.org\/index.php\/wp-json\/wp\/v2\/posts"}],"about":[{"href":"https:\/\/movimento-sociale-eurasia.org\/index.php\/wp-json\/wp\/v2\/types\/post"}],"author":[{"embeddable":true,"href":"https:\/\/movimento-sociale-eurasia.org\/index.php\/wp-json\/wp\/v2\/users\/3"}],"replies":[{"embeddable":true,"href":"https:\/\/movimento-sociale-eurasia.org\/index.php\/wp-json\/wp\/v2\/comments?post=1458"}],"version-history":[{"count":1,"href":"https:\/\/movimento-sociale-eurasia.org\/index.php\/wp-json\/wp\/v2\/posts\/1458\/revisions"}],"predecessor-version":[{"id":1460,"href":"https:\/\/movimento-sociale-eurasia.org\/index.php\/wp-json\/wp\/v2\/posts\/1458\/revisions\/1460"}],"wp:featuredmedia":[{"embeddable":true,"href":"https:\/\/movimento-sociale-eurasia.org\/index.php\/wp-json\/wp\/v2\/media\/1459"}],"wp:attachment":[{"href":"https:\/\/movimento-sociale-eurasia.org\/index.php\/wp-json\/wp\/v2\/media?parent=1458"}],"wp:term":[{"taxonomy":"category","embeddable":true,"href":"https:\/\/movimento-sociale-eurasia.org\/index.php\/wp-json\/wp\/v2\/categories?post=1458"},{"taxonomy":"post_tag","embeddable":true,"href":"https:\/\/movimento-sociale-eurasia.org\/index.php\/wp-json\/wp\/v2\/tags?post=1458"}],"curies":[{"name":"wp","href":"https:\/\/api.w.org\/{rel}","templated":true}]}}