{"id":1175,"date":"2022-09-19T10:09:28","date_gmt":"2022-09-19T10:09:28","guid":{"rendered":"https:\/\/movimento-sociale-eurasia.org\/?p=1175"},"modified":"2022-11-12T11:27:25","modified_gmt":"2022-11-12T11:27:25","slug":"vigilia-del-voto-le-ultime-considerazioni","status":"publish","type":"post","link":"https:\/\/movimento-sociale-eurasia.org\/index.php\/2022\/09\/19\/vigilia-del-voto-le-ultime-considerazioni\/","title":{"rendered":"Vigilia del voto: Le ultime considerazioni"},"content":{"rendered":"\n<p>La redazione del Blog M.S.E. , considerata la rapida e precipitosa evoluzione degli eventi nell&#8217;ultimo mese, prima delle elezioni politiche del 2022, ha voluto sentire Carlotta Toschi, Rappresentante per L&#8217;Emilia Romagna e candidata alla Sezione di Bologna, in merito all&#8217;attuale situazione economica e sociale del Paese, anche nei confronti dei fattori esterni ai nostri confini, come il conflitto in Ucraina e la posizione dell&#8217;Italia.<\/p>\n\n\n\n<p><\/p>\n\n\n\n<p><strong>Domanda: Carlotta Toschi, Portavoce regione Emilia \u2013 Romagna, Alternativa per l\u2019Italia. Una settimana ci separa dal voto. Qualche ultima riflessione: qual \u00e8 il Vostro pensiero in riferimento alla guerra?<\/strong><\/p>\n\n\n\n<p><br>Toschi: Nel divampare del conflitto che vede contrapposte Russia e Ucraina, dobbiamo sederci nuovamente ai tavoli di pace. Ci troviamo qui nella condivisa esigenza etica e politica di DIRE NO alla guerra come strumento per la soluzione della controversia che contrappone Russia e Ucraina. Oggi abbiamo nuovamente la guerra nel cuore dell\u2019Europa e si avvia a diventare un conflitto di lunga durata portando a conseguenze nefaste anche per l\u2019Italia per quanto riguarda l\u2019accesso al cibo, all\u2019energia elettrica di migliaia di persone, per il clima del pianeta, per l\u2019economia europea e globale. L\u2019Europa si deve operare attivamente a favorire il negoziato. L\u2019invio di armi allontana la Pace e accresce unicamente le sofferenze inflitte alle popolazioni civili. La popolazione \u00e8 favorevole affinch\u00e8 si facciano passi concreti: Occorre dar voce alla popolazione affinch\u00e8 possa veicolare anche all\u2019interno delle istituzioni l\u2019idea che occorre imboccare una strada diversa da quella attuale. Non si pu\u00f2 accettare che nel nostro continente, gi\u00e0 devastato nel corso del Novecento da due guerre, si possa ancora ricorrere allo strumento militare per risolvere contese. Chiediamo al Governo italiano, di impegnarsi con chiarezza e forza a favore della distensione e della cooperazione, contro ogni intervento militare, per la riduzione delle spese militari e degli armamenti. Tacciano le armi, negoziato subito.<\/p>\n\n\n\n<p><br><strong>Domanda: guerra, clima e territorio sono strettamente collegati. Il vostro pensiero?<\/strong><\/p>\n\n\n\n<p><br>Toschi: Alluvioni, incendi e ghiacciai che collassano. Il tutto mentre le bollette esplodono e si riaprono le centrali a carbone. Il rischio climatico \u00e8 sempre stato presente in agricoltura, anche se non con le dimensioni attuali. I coltivatori diretti e le piccole imprese non si sentono tutelati. Possiamo ancora potenziare gli aiuti di stato per polizze assicurative o altre forme di garanzia contro i danni da eventi climatici. Sulla tutela del made in Italy c\u2019\u00e8 ancora tanto da fare. L\u2019Europa non pu\u00f2 promuovere modelli nutrizionali migliori di quelli gi\u00e0 storicamente e localmente presenti nel nostro paese: ricordiamoci che siamo gli esportatori della dieta mediterranea. Nel 2010, l&#8217;UNESCO ha iscritto la Dieta mediterranea nella Lista del Patrimonio Culturale Immateriale dell&#8217;Umanit\u00e0, su proposta dell\u2019Italia, definendola \u201cun insieme di competenze, conoscenze, riti, simboli e tradizioni, che vanno dal paesaggio alla tavola\u201d. Valorizziamo il nostro territorio e curiamoci dello stesso.<br><\/p>\n\n\n\n<p><strong>Domanda: Libert\u00e0 \u00e8 partecipazione: un vostro pensiero circa i giovani e il loro disinteresse nei confronti della politica.<br><\/strong><\/p>\n\n\n\n<p>Risposta: Quello dell\u2019assenza di ricambio generazionale, in Italia, resta uno dei dati pi\u00f9 allarmanti degli ultimi decenni. La politica non consente l\u2019accesso e non favorisce la partecipazione giovanile o semplicemente ci troviamo davanti a generazioni che non sono minimamente interessate.<br>I dati ci hanno sempre confermato che, anche a fronte di \u201cmanifestazioni di interesse\u201d da parte delle giovani generazioni, esistono barriere spesso insormontabili che vanno necessariamente rimosse. Ricordiamo che esiste un astensionismo nascosto che \u00e8 quello dei fuori sede: coloro che per motivi di studio e di lavoro sono distanti dal luogo di residenza. Libert\u00e0 \u00e8 partecipazione: come APLI siamo pronti a formare nuova classe dirigente.<\/p>\n","protected":false},"excerpt":{"rendered":"<p>La redazione del Blog M.S.E. , considerata la rapida e precipitosa evoluzione degli eventi nell&#8217;ultimo mese, prima delle elezioni politiche del 2022, ha voluto sentire Carlotta Toschi, Rappresentante per L&#8217;Emilia Romagna e candidata alla Sezione di Bologna, in merito all&#8217;attuale situazione economica e sociale del Paese, anche nei confronti dei fattori esterni ai nostri confini, [&hellip;]<\/p>\n","protected":false},"author":1,"featured_media":1176,"comment_status":"open","ping_status":"open","sticky":false,"template":"","format":"standard","meta":{"om_disable_all_campaigns":false,"footnotes":""},"categories":[15,20],"tags":[],"class_list":["post-1175","post","type-post","status-publish","format-standard","has-post-thumbnail","hentry","category-articoli","category-attualita-politica"],"aioseo_notices":[],"_links":{"self":[{"href":"https:\/\/movimento-sociale-eurasia.org\/index.php\/wp-json\/wp\/v2\/posts\/1175","targetHints":{"allow":["GET"]}}],"collection":[{"href":"https:\/\/movimento-sociale-eurasia.org\/index.php\/wp-json\/wp\/v2\/posts"}],"about":[{"href":"https:\/\/movimento-sociale-eurasia.org\/index.php\/wp-json\/wp\/v2\/types\/post"}],"author":[{"embeddable":true,"href":"https:\/\/movimento-sociale-eurasia.org\/index.php\/wp-json\/wp\/v2\/users\/1"}],"replies":[{"embeddable":true,"href":"https:\/\/movimento-sociale-eurasia.org\/index.php\/wp-json\/wp\/v2\/comments?post=1175"}],"version-history":[{"count":1,"href":"https:\/\/movimento-sociale-eurasia.org\/index.php\/wp-json\/wp\/v2\/posts\/1175\/revisions"}],"predecessor-version":[{"id":1177,"href":"https:\/\/movimento-sociale-eurasia.org\/index.php\/wp-json\/wp\/v2\/posts\/1175\/revisions\/1177"}],"wp:featuredmedia":[{"embeddable":true,"href":"https:\/\/movimento-sociale-eurasia.org\/index.php\/wp-json\/wp\/v2\/media\/1176"}],"wp:attachment":[{"href":"https:\/\/movimento-sociale-eurasia.org\/index.php\/wp-json\/wp\/v2\/media?parent=1175"}],"wp:term":[{"taxonomy":"category","embeddable":true,"href":"https:\/\/movimento-sociale-eurasia.org\/index.php\/wp-json\/wp\/v2\/categories?post=1175"},{"taxonomy":"post_tag","embeddable":true,"href":"https:\/\/movimento-sociale-eurasia.org\/index.php\/wp-json\/wp\/v2\/tags?post=1175"}],"curies":[{"name":"wp","href":"https:\/\/api.w.org\/{rel}","templated":true}]}}